{"id":544,"date":"2014-04-13T19:42:40","date_gmt":"2014-04-14T01:42:40","guid":{"rendered":"http:\/\/prensalibremexicana.com\/wp\/?p=544"},"modified":"2024-09-18T21:05:11","modified_gmt":"2024-09-19T03:05:11","slug":"unamonos-por-la-razon-insurgente-de-morelos-independentista-patrio-precursor-y-gestor-de-las-libertades-de-prensa-y-de-expresion","status":"publish","type":"post","link":"https:\/\/prensalibremexicana.com\/wp\/unamonos-por-la-razon-insurgente-de-morelos-independentista-patrio-precursor-y-gestor-de-las-libertades-de-prensa-y-de-expresion\/","title":{"rendered":"Un\u00e1monos por la raz\u00f3n insurgente de Morelos: independentista patrio, precursor y gestor de las libertades de prensa y de expresi\u00f3n"},"content":{"rendered":"<p align=\"center\"><b>Exhorto a periodistas y comunicadores de M\u00e9xico<\/b><\/p>\n<p><b>\u00a0\u00a0<\/b><\/p>\n<p align=\"center\"><b>Un\u00e1monos por la raz\u00f3n insurgente de Morelos: independentista patrio, precursor y gestor de las libertades de prensa y de expresi\u00f3n<\/b><\/p>\n<p>&nbsp;<\/p>\n<p style=\"text-align: justify;\">Estratega, legislador, estadista, precursor e impulsor del periodismo en M\u00e9xico, para divulgar ideas independentistas, principios patrios y valores universales, Jos\u00e9 Mar\u00eda Morelos y Pav\u00f3n fund\u00f3 los peri\u00f3dicos <i>El Despertador Michoacano<\/i>, y <i>Sud<\/i>, en Michoac\u00e1n, y el <i>Correo Americano del Sur<\/i>, en Oaxaca.<\/p>\n<p style=\"text-align: justify;\">Por eso, junto con armas b\u00e9licas, cargaba una imprenta: El arma de la raz\u00f3n, que al trascender en el camino en espiral del conocimiento triunf\u00f3 y encauz\u00f3 la vida del pa\u00eds y su gente, en la independencia, la libertad, la igualdad, la fraternidad, la justicia y la paz.<\/p>\n<p style=\"text-align: justify;\">\u00a1Un\u00e1monos para que el pleno reconocimiento nacional a Morelos se haga ya realidad en este 2014, en el Marco Bicentenario de Sentimientos de la Naci\u00f3n, de 1813, y de la Constituci\u00f3n de Apatzing\u00e1n, de 1814!<\/p>\n<p>&nbsp;<\/p>\n<p style=\"text-align: center;\" align=\"right\">Eduardo Garibay Mares<\/p>\n<p style=\"text-align: center;\"><b>Tepeji del R\u00edo de Ocampo, Hidalgo. Marzo 29 de 2014<\/b><\/p>\n<p style=\"text-align: right;\"><strong><span style=\"color: #0000ff;\"><a href=\"http:\/\/www.prensalibremexicana.com\/\"><span style=\"color: #0000ff;\">www.prensalibremexicana.com<\/span><\/a><\/span><\/strong><\/p>\n","protected":false},"excerpt":{"rendered":"<p>Exhorto a periodistas y comunicadores de M\u00e9xico \u00a0\u00a0 Un\u00e1monos por la raz\u00f3n insurgente de Morelos: independentista patrio, precursor y gestor de las libertades de prensa y de expresi\u00f3n &nbsp; Estratega, legislador, estadista, precursor e impulsor del periodismo en M\u00e9xico, para &hellip;<\/p>\n<p class=\"read-more\"> <a class=\"more-link\" href=\"https:\/\/prensalibremexicana.com\/wp\/unamonos-por-la-razon-insurgente-de-morelos-independentista-patrio-precursor-y-gestor-de-las-libertades-de-prensa-y-de-expresion\/\"> <span class=\"screen-reader-text\">Un\u00e1monos por la raz\u00f3n insurgente de Morelos: independentista patrio, precursor y gestor de las libertades de prensa y de expresi\u00f3n<\/span> Leer m\u00e1s \u00bb<\/a><\/p>\n","protected":false},"author":5,"featured_media":0,"comment_status":"closed","ping_status":"closed","sticky":false,"template":"","format":"standard","meta":{"footnotes":""},"categories":[6],"tags":[69],"class_list":["post-544","post","type-post","status-publish","format-standard","hentry","category-el-zarco","tag-el-zarco"],"aioseo_notices":[],"featured_image_src":"","featured_image_src_square":false,"author_info":{"display_name":"Eduardo Garibay Mares","author_link":"https:\/\/prensalibremexicana.com\/wp\/author\/eduardo\/"},"rbea_author_info":{"display_name":"Eduardo Garibay Mares","author_link":"https:\/\/prensalibremexicana.com\/wp\/author\/eduardo\/"},"rbea_excerpt_info":"Exhorto a periodistas y comunicadores de M\u00e9xico \u00a0\u00a0 Un\u00e1monos por la raz\u00f3n insurgente de Morelos: independentista patrio, precursor y gestor de las libertades de prensa y de expresi\u00f3n &nbsp; Estratega, legislador, estadista, precursor e impulsor del periodismo en M\u00e9xico, para &hellip;<p class=\"read-more\"> <a class=\"more-link\" href=\"https:\/\/prensalibremexicana.com\/wp\/unamonos-por-la-razon-insurgente-de-morelos-independentista-patrio-precursor-y-gestor-de-las-libertades-de-prensa-y-de-expresion\/\"> <span class=\"screen-reader-text\">Un\u00e1monos por la raz\u00f3n insurgente de Morelos: independentista patrio, precursor y gestor de las libertades de prensa y de expresi\u00f3n<\/span> Leer m\u00e1s \u00bb<\/a><\/p>","category_list":"<a href=\"https:\/\/prensalibremexicana.com\/wp\/LO%20MAS%20NUEVO\/el-zarco\/\">El Zarco<\/a>","comments_num":"0 comments","_links":{"self":[{"href":"https:\/\/prensalibremexicana.com\/wp\/wp-json\/wp\/v2\/posts\/544","targetHints":{"allow":["GET"]}}],"collection":[{"href":"https:\/\/prensalibremexicana.com\/wp\/wp-json\/wp\/v2\/posts"}],"about":[{"href":"https:\/\/prensalibremexicana.com\/wp\/wp-json\/wp\/v2\/types\/post"}],"author":[{"embeddable":true,"href":"https:\/\/prensalibremexicana.com\/wp\/wp-json\/wp\/v2\/users\/5"}],"replies":[{"embeddable":true,"href":"https:\/\/prensalibremexicana.com\/wp\/wp-json\/wp\/v2\/comments?post=544"}],"version-history":[{"count":3,"href":"https:\/\/prensalibremexicana.com\/wp\/wp-json\/wp\/v2\/posts\/544\/revisions"}],"predecessor-version":[{"id":8090,"href":"https:\/\/prensalibremexicana.com\/wp\/wp-json\/wp\/v2\/posts\/544\/revisions\/8090"}],"wp:attachment":[{"href":"https:\/\/prensalibremexicana.com\/wp\/wp-json\/wp\/v2\/media?parent=544"}],"wp:term":[{"taxonomy":"category","embeddable":true,"href":"https:\/\/prensalibremexicana.com\/wp\/wp-json\/wp\/v2\/categories?post=544"},{"taxonomy":"post_tag","embeddable":true,"href":"https:\/\/prensalibremexicana.com\/wp\/wp-json\/wp\/v2\/tags?post=544"}],"curies":[{"name":"wp","href":"https:\/\/api.w.org\/{rel}","templated":true}]}}