{"id":454,"date":"2014-04-01T21:12:13","date_gmt":"2014-04-02T03:12:13","guid":{"rendered":"http:\/\/prensalibremexicana.com\/wp\/?p=454"},"modified":"2024-09-19T12:55:09","modified_gmt":"2024-09-19T18:55:09","slug":"tepeji-del-rio-de-ocampo-hidalgo","status":"publish","type":"post","link":"https:\/\/prensalibremexicana.com\/wp\/tepeji-del-rio-de-ocampo-hidalgo\/","title":{"rendered":"Tepeji del R\u00edo de Ocampo, Hidalgo. www.prensalibremexicana.com"},"content":{"rendered":"<p style=\"text-align: center;\" align=\"center\"><b>Tepeji del R\u00edo de Ocampo, Hidalgo<\/b><\/p>\n<p align=\"right\"><span style=\"color: #0000ff;\"><strong><a href=\"http:\/\/www.prensalibremexicana.com\/\"><span style=\"color: #0000ff;\">www.prensalibremexicana.com<\/span><\/a><\/strong><\/span><\/p>\n<p>&nbsp;<\/p>\n<p align=\"center\"><a href=\"http:\/\/prensalibremexicana.com\/wp\/wp-content\/uploads\/2014\/04\/Centro-Historico-Tepeji-7.jpg\"><img fetchpriority=\"high\" decoding=\"async\" class=\"wp-image-473 aligncenter\" src=\"http:\/\/prensalibremexicana.com\/wp\/wp-content\/uploads\/2014\/04\/Centro-Historico-Tepeji-7.jpg\" alt=\"Centro Historico Tepeji (7)\" width=\"637\" height=\"140\" \/><\/a><\/p>\n<p style=\"text-align: justify;\">Colindando con el Estado de M\u00e9xico se ubica Tepeji del R\u00edo, un municipio reconocido a nivel nacional por albergar m\u00e1s de 150 industrias que fabrican productos de gran calidad y exportan a pa\u00edses de Latinoam\u00e9rica.<\/p>\n<p style=\"text-align: center;\" align=\"center\"><b>F\u00e1brica La Josefina<\/b><\/p>\n<p style=\"text-align: justify;\"><a href=\"http:\/\/prensalibremexicana.com\/wp\/wp-content\/uploads\/2014\/04\/Centro-Historico-Tepeji-1.jpg\"><img decoding=\"async\" class=\"alignleft wp-image-455\" src=\"http:\/\/prensalibremexicana.com\/wp\/wp-content\/uploads\/2014\/04\/Centro-Historico-Tepeji-1.jpg\" alt=\"Centro Historico Tepeji (1)\" width=\"350\" height=\"262\" \/><\/a>Tepeji del R\u00edo es considerada como una ciudad industrial pues alberga m\u00e1s de 150 empresas dedicadas a la producci\u00f3n, reconocidas a nivel Latinoam\u00e9rica principalmente en la rama textil.<\/p>\n<p style=\"text-align: justify;\">Ejemplo de ello es la F\u00e1brica de toallas La Josefina misma que durante a\u00f1os fue la \u00fanica fuente de trabajo en el municipio.<\/p>\n<p style=\"text-align: justify;\">Fue fundada en 1865 por un ingl\u00e9s de apellido Hope quien comenz\u00f3 con la confecci\u00f3n de casimires, posteriormente a principios del siglo XX fue comprada por la familia Schmelz para despu\u00e9s venderla a sus actuales due\u00f1os.<\/p>\n<p style=\"text-align: justify;\">Da empleo a 750 personas y orgullosamente su producci\u00f3n es colocada en territorio nacional y otros pa\u00edses como Guatemala y Costa Rica adem\u00e1s de estar presentes en reconocidos hoteles por su excelente calidad. Aunque las instalaciones no est\u00e1n abiertas al p\u00fablico, en el primer cuadro de la ciudad podr\u00e1s adquirir toallas que como su slogan lo dice \u201csi secan desde nuevas\u201d.<\/p>\n<p align=\"center\"><b>Iglesia de San Francisco de As\u00eds y Ex Convento de San Francisco de As\u00eds<\/b><\/p>\n<p style=\"text-align: justify;\"><a href=\"http:\/\/prensalibremexicana.com\/wp\/wp-content\/uploads\/2014\/04\/Iglesia-de-Sn-Francisco-Tepeji-8.jpg\"><img decoding=\"async\" class=\"alignleft wp-image-458\" src=\"http:\/\/prensalibremexicana.com\/wp\/wp-content\/uploads\/2014\/04\/Iglesia-de-Sn-Francisco-Tepeji-8.jpg\" alt=\"Iglesia de Sn Francisco Tepeji (8)\" width=\"336\" height=\"252\" \/><\/a>El Tepeji de la Nueva Espa\u00f1a creci\u00f3 alrededor de la construcci\u00f3n edificada por los franciscanos misma que sirvi\u00f3 para pacificar dos pueblos rivales: los n\u00e1huatl de<\/p>\n<p style=\"text-align: justify;\">Tepexic y los otom\u00edes de Otlaxpan.<\/p>\n<p style=\"text-align: justify;\">Se trata de la Iglesia y Ex \u2013 Convento de San Francisco de As\u00eds cuya fecha de construcci\u00f3n es la misma en la que se fund\u00f3 el pueblo, el 8 de octubre de 1558.<\/p>\n<p style=\"text-align: justify;\">Ubicado en el centro de la ciudad, este complejo es de estilo plateresco colonial; cuenta con un amplio atrio, claustro sencillos y en medio, un impresionante acervo pict\u00f3rico.<\/p>\n<p style=\"text-align: justify;\">Cuenta con media docena de excelentes lienzos del siglo XVIII, entre los que destacan una Pur\u00edsima Concepci\u00f3n realizada por Francisco Mart\u00ednez y las \u00c1nimas del Purgatorio hecha por Juan Correa.<\/p>\n<p style=\"text-align: justify;\">A su vez, el viejo claustro conserva murales de los siglos XVI y XVIII con figuras de santos como San Pedro, San Sebasti\u00e1n y San Francisco. Entre los tesoros m\u00e1s valiosos del Convento se encuentra la imagen del Santo Entierro que seg\u00fan cuentan los lugare\u00f1os que lleg\u00f3 en una mula hasta las puertas del atrio sin encontrarse arriero alguno.<\/p>\n<p style=\"text-align: center;\" align=\"center\"><b>Camino Real Tierra Adentro<\/b><\/p>\n<p style=\"text-align: justify;\"><a href=\"http:\/\/prensalibremexicana.com\/wp\/wp-content\/uploads\/2014\/04\/Camino-Real-Tepeji-del-Rio-11.jpg\"><img loading=\"lazy\" decoding=\"async\" class=\"alignleft wp-image-459\" src=\"http:\/\/prensalibremexicana.com\/wp\/wp-content\/uploads\/2014\/04\/Camino-Real-Tepeji-del-Rio-11.jpg\" alt=\"Camino Real Tepeji del Rio (11)\" width=\"423\" height=\"317\" \/><\/a>Destaca tambi\u00e9n el paso por estas tierras del Camino Real Tierra Adentro, un itinerario cultural recientemente nombrado Patrimonio Cultural de la Humanidad y que constituye el camino que transitaban los espa\u00f1oles a su llegada a la Nueva Espa\u00f1a.<\/p>\n<p style=\"text-align: justify;\">El Camino Real de Tierra Adentro fue durante el virreinato y buena parte del siglo XIX la v\u00eda de comunicaci\u00f3n m\u00e1s importante en el territorio de la Nueva Espa\u00f1a pues part\u00eda desde la Ciudad de M\u00e9xico hasta Santa Fe, Nuevo M\u00e9xico con un recorrido de 2,600 km.<\/p>\n<p style=\"text-align: justify;\">La ruta pasaba por los actuales Estados de M\u00e9xico, Hidalgo, Quer\u00e9taro, Guanajuato, Aguascalientes, San Luis Potos\u00ed, Zacatecas, Durango y Chihuahua. Adem\u00e1s de Nuevo M\u00e9xico en Estados Unidos.<\/p>\n<p style=\"text-align: justify;\">El camino serv\u00eda para transportar plata, mercurio y productos agr\u00edcolas as\u00ed como campa\u00f1as militares y la expansi\u00f3n de la evangelizaci\u00f3n en el norte del pa\u00eds.<\/p>\n<p style=\"text-align: justify;\">El 1\u00b0 de Agosto de 2010, el Comit\u00e9 de Patrimonio Mundial de la UNESCO declar\u00f3 al Itinerario Cultural: Camino Real Tierra Adentro como Patrimonio Cultural de la Humanidad reconociendo su valor universal excepcional y su riqueza hist\u00f3rica.<\/p>\n<p style=\"text-align: justify;\">Hidalgo forma parte de esta ruta y es precisamente el municipio de Tepeji en donde se ubican 2 de los 60 sitios que conforman el Camino Real y que sirvieron para el intercambio comercial y cultural. Estos son:<\/p>\n<p style=\"text-align: justify;\">1. El Camino Real entre el Puente de la Colmena y la Ex \u2013 Hacienda de la Ca\u00f1ada.<\/p>\n<p style=\"text-align: justify;\">2. Ex \u2013 Convento de San Francisco y su puente en Tepeji del R\u00edo.<\/p>\n<p style=\"text-align: center;\" align=\"center\"><b>Ex Haciendas Caltengo y La Ca\u00f1ada<\/b><\/p>\n<p style=\"text-align: justify;\">El recorrido por la historia continua en las hermosas haciendas La Ca\u00f1ada y Caltengo que a\u00fan conservan elementos originales y actualmente sirven de escenarios para eventos sociales.<\/p>\n<p><a href=\"http:\/\/prensalibremexicana.com\/wp\/wp-content\/uploads\/2014\/04\/Hacienda.jpg\"><img loading=\"lazy\" decoding=\"async\" class=\"wp-image-460 aligncenter\" src=\"http:\/\/prensalibremexicana.com\/wp\/wp-content\/uploads\/2014\/04\/Hacienda.jpg\" alt=\"Hacienda\" width=\"307\" height=\"230\" srcset=\"https:\/\/prensalibremexicana.com\/wp\/wp-content\/uploads\/2014\/04\/Hacienda.jpg 640w, https:\/\/prensalibremexicana.com\/wp\/wp-content\/uploads\/2014\/04\/Hacienda-600x450.jpg 600w, https:\/\/prensalibremexicana.com\/wp\/wp-content\/uploads\/2014\/04\/Hacienda-300x225.jpg 300w, https:\/\/prensalibremexicana.com\/wp\/wp-content\/uploads\/2014\/04\/Hacienda-100x75.jpg 100w, https:\/\/prensalibremexicana.com\/wp\/wp-content\/uploads\/2014\/04\/Hacienda-150x112.jpg 150w, https:\/\/prensalibremexicana.com\/wp\/wp-content\/uploads\/2014\/04\/Hacienda-200x150.jpg 200w, https:\/\/prensalibremexicana.com\/wp\/wp-content\/uploads\/2014\/04\/Hacienda-450x337.jpg 450w\" sizes=\"(max-width: 307px) 100vw, 307px\" \/><\/a><\/p>\n<p style=\"text-align: center;\"><strong>La Ca\u00f1ada. Foto\/Luis Cortes<\/strong><\/p>\n<p><a style=\"font-size: 14px; line-height: 1.5em;\" href=\"http:\/\/prensalibremexicana.com\/wp\/wp-content\/uploads\/2014\/04\/DSCN1534.jpg\"><img loading=\"lazy\" decoding=\"async\" class=\"wp-image-461 aligncenter\" src=\"http:\/\/prensalibremexicana.com\/wp\/wp-content\/uploads\/2014\/04\/DSCN1534.jpg\" alt=\"DSCN1534\" width=\"322\" height=\"242\" srcset=\"https:\/\/prensalibremexicana.com\/wp\/wp-content\/uploads\/2014\/04\/DSCN1534.jpg 640w, https:\/\/prensalibremexicana.com\/wp\/wp-content\/uploads\/2014\/04\/DSCN1534-600x450.jpg 600w, https:\/\/prensalibremexicana.com\/wp\/wp-content\/uploads\/2014\/04\/DSCN1534-300x225.jpg 300w, https:\/\/prensalibremexicana.com\/wp\/wp-content\/uploads\/2014\/04\/DSCN1534-100x75.jpg 100w, https:\/\/prensalibremexicana.com\/wp\/wp-content\/uploads\/2014\/04\/DSCN1534-150x112.jpg 150w, https:\/\/prensalibremexicana.com\/wp\/wp-content\/uploads\/2014\/04\/DSCN1534-200x150.jpg 200w, https:\/\/prensalibremexicana.com\/wp\/wp-content\/uploads\/2014\/04\/DSCN1534-450x337.jpg 450w\" sizes=\"(max-width: 322px) 100vw, 322px\" \/><\/a><b><\/b><\/p>\n<p style=\"text-align: center;\"><strong>Caltengo. Foto\/Luis Cortes<\/strong><\/p>\n<p style=\"text-align: center;\"><b>Ex\u00a0<\/b><b>Hacienda la Ca\u00f1ada<\/b><\/p>\n<p style=\"text-align: justify;\"><a href=\"http:\/\/prensalibremexicana.com\/wp\/wp-content\/uploads\/2014\/04\/Camino-Real-Tepeji-del-Rio-10.jpg\"><img loading=\"lazy\" decoding=\"async\" class=\"alignleft wp-image-462\" src=\"http:\/\/prensalibremexicana.com\/wp\/wp-content\/uploads\/2014\/04\/Camino-Real-Tepeji-del-Rio-10.jpg\" alt=\"Camino Real Tepeji del Rio (10)\" width=\"728\" height=\"212\" \/><\/a><\/p>\n<p style=\"text-align: justify;\">Ubicada en el legendario Camino Real esta hacienda conserva muchos de sus elementos originales.<\/p>\n<p style=\"text-align: justify;\">Fue construida en el a\u00f1o 1563 y utilizada para la cr\u00eda de ganado; actualmente es escenario de eventos sociales.<\/p>\n<p style=\"text-align: justify;\">Si estas planeando tu boda, quince a\u00f1os, aniversario, graduaci\u00f3n o cualquier evento especial, este lugar te encantar\u00e1 pues te ofrece la renta de sus jardines, terrazas, salones y la antigua capilla decorada con los ornamentos originales que se usaban hace dos siglos.<\/p>\n<p style=\"text-align: center;\" align=\"center\"><b>Ex Hacienda de Caltengo<\/b><\/p>\n<p style=\"text-align: justify;\">Su nombre en otom\u00ed significa \u201cposesi\u00f3n de casa\u201d, fue construida en 1777 por espa\u00f1oles como una finca de enormes dimensiones, dedicada a la agricultura y la ganader\u00eda.<\/p>\n<p style=\"text-align: justify;\">Est\u00e1 localizada en el original y antiguo camino real que conduc\u00eda a la Cuidad de M\u00e9xico. Durante esta \u00e9poca la hacienda sirvi\u00f3 de base a los viajeros que intercambiaban caballos para seguir su camino a la cuidad.<\/p>\n<p style=\"text-align: justify;\">Perteneci\u00f3 a Francisco Fagoaga, uno de los hijos del marqu\u00e9s de Apartado, miembro de una de las familias m\u00e1s importantes en la \u00e9poca colonial.<\/p>\n<p style=\"text-align: justify;\">Una de las an\u00e9cdotas importantes en la historia de M\u00e9xico cuenta que en 1861 fue aprehendido en la Hacienda Ap\u00f3stol de la Patria, Melchor Ocampo, el cual fue fusilado y posteriormente colgado en un \u00e1rbol que todav\u00eda se encuentra ah\u00ed, y por lo cual, el municipio lleva su nombre \u201cTepeji del R\u00edo de Ocampo\u201d.<\/p>\n<p style=\"text-align: justify;\">Con una extensi\u00f3n de 8 hect\u00e1reas, la hacienda cuenta con diferentes jardines rodeados de construcciones que datan del siglo XVIII y que actualmente son utilizados para eventos sociales. Se encuentra ubicada a cinco kil\u00f3metros de la desviaci\u00f3n Tepeji del R\u00edo- Tula en el kil\u00f3metro 68 de la autopista M\u00e9xico-Quer\u00e9taro, a solo 45 minutos de la Ciudad de M\u00e9xico.<\/p>\n<p style=\"text-align: center;\" align=\"center\"><b>Presa Requena<\/b><\/p>\n<p><a href=\"http:\/\/prensalibremexicana.com\/wp\/wp-content\/uploads\/2014\/04\/Presa-Requena-Tepeji-1.jpg\"><img loading=\"lazy\" decoding=\"async\" class=\"wp-image-463 aligncenter\" src=\"http:\/\/prensalibremexicana.com\/wp\/wp-content\/uploads\/2014\/04\/Presa-Requena-Tepeji-1.jpg\" alt=\"Presa Requena Tepeji (1)\" width=\"315\" height=\"237\" srcset=\"https:\/\/prensalibremexicana.com\/wp\/wp-content\/uploads\/2014\/04\/Presa-Requena-Tepeji-1.jpg 1080w, https:\/\/prensalibremexicana.com\/wp\/wp-content\/uploads\/2014\/04\/Presa-Requena-Tepeji-1-600x450.jpg 600w, https:\/\/prensalibremexicana.com\/wp\/wp-content\/uploads\/2014\/04\/Presa-Requena-Tepeji-1-300x225.jpg 300w, https:\/\/prensalibremexicana.com\/wp\/wp-content\/uploads\/2014\/04\/Presa-Requena-Tepeji-1-1024x768.jpg 1024w, https:\/\/prensalibremexicana.com\/wp\/wp-content\/uploads\/2014\/04\/Presa-Requena-Tepeji-1-100x75.jpg 100w, https:\/\/prensalibremexicana.com\/wp\/wp-content\/uploads\/2014\/04\/Presa-Requena-Tepeji-1-150x112.jpg 150w, https:\/\/prensalibremexicana.com\/wp\/wp-content\/uploads\/2014\/04\/Presa-Requena-Tepeji-1-200x150.jpg 200w, https:\/\/prensalibremexicana.com\/wp\/wp-content\/uploads\/2014\/04\/Presa-Requena-Tepeji-1-450x337.jpg 450w, https:\/\/prensalibremexicana.com\/wp\/wp-content\/uploads\/2014\/04\/Presa-Requena-Tepeji-1-900x675.jpg 900w\" sizes=\"(max-width: 315px) 100vw, 315px\" \/><\/a><\/p>\n<p>&nbsp;<\/p>\n<p>&nbsp;<\/p>\n<p style=\"text-align: justify;\"><a href=\"http:\/\/prensalibremexicana.com\/wp\/wp-content\/uploads\/2014\/04\/nauticopa-2.jpg\"><img loading=\"lazy\" decoding=\"async\" class=\"alignleft wp-image-464\" src=\"http:\/\/prensalibremexicana.com\/wp\/wp-content\/uploads\/2014\/04\/nauticopa-2.jpg\" alt=\"nauticopa (2)\" width=\"271\" height=\"180\" srcset=\"https:\/\/prensalibremexicana.com\/wp\/wp-content\/uploads\/2014\/04\/nauticopa-2.jpg 1253w, https:\/\/prensalibremexicana.com\/wp\/wp-content\/uploads\/2014\/04\/nauticopa-2-600x398.jpg 600w, https:\/\/prensalibremexicana.com\/wp\/wp-content\/uploads\/2014\/04\/nauticopa-2-300x199.jpg 300w, https:\/\/prensalibremexicana.com\/wp\/wp-content\/uploads\/2014\/04\/nauticopa-2-1024x680.jpg 1024w, https:\/\/prensalibremexicana.com\/wp\/wp-content\/uploads\/2014\/04\/nauticopa-2-100x66.jpg 100w, https:\/\/prensalibremexicana.com\/wp\/wp-content\/uploads\/2014\/04\/nauticopa-2-150x99.jpg 150w, https:\/\/prensalibremexicana.com\/wp\/wp-content\/uploads\/2014\/04\/nauticopa-2-200x132.jpg 200w, https:\/\/prensalibremexicana.com\/wp\/wp-content\/uploads\/2014\/04\/nauticopa-2-450x299.jpg 450w, https:\/\/prensalibremexicana.com\/wp\/wp-content\/uploads\/2014\/04\/nauticopa-2-900x598.jpg 900w\" sizes=\"(max-width: 271px) 100vw, 271px\" \/><\/a>El turismo cultural y el deportivo se unen en Tepeji al contar con la presa Requena en donde se practica el veleo, ski acu\u00e1tico, recorrido en yates y motos acu\u00e1ticas.<\/p>\n<p style=\"text-align: justify;\">Con unos 6 km de longitud es una de las m\u00e1s importantes del Estado en lo que a deportes acu\u00e1ticos se refiere. Mucha gente practica el veleo y ski acu\u00e1tico, y otros m\u00e1s, simplemente alquilan lanchas para paseos recreativos.<\/p>\n<p style=\"text-align: justify;\">Cada a\u00f1o es escenario de reconocidas competencias como la Nauticopa y las regatas anuales.<\/p>\n<p style=\"text-align: justify;\">Si tu visita a este municipio es en invierno podr\u00e1s observar un importante n\u00famero de hermosas aves migratorias procedentes de Estados Unidos y Canad\u00e1.<\/p>\n<p style=\"text-align: center;\" align=\"center\"><b><\/b><b>Amanali Country Club &amp; N\u00e1utica<\/b><\/p>\n<p><a href=\"http:\/\/prensalibremexicana.com\/wp\/wp-content\/uploads\/2014\/04\/Club-de-Golf-Amanalli.jpg\"><img loading=\"lazy\" decoding=\"async\" class=\"wp-image-465 aligncenter\" src=\"http:\/\/prensalibremexicana.com\/wp\/wp-content\/uploads\/2014\/04\/Club-de-Golf-Amanalli.jpg\" alt=\"Club de Golf Amanalli\" width=\"663\" height=\"146\" \/><\/a><\/p>\n<p style=\"text-align: justify;\">Presa Requena a la orilla de la cual se ubica el Club de Golf Amanali te espera con un campo de 18 hoyos ofreciendo todos los servicios y comodidades.<\/p>\n<p style=\"text-align: justify;\">Amanali, campo de golf de primer nivel dise\u00f1ado por Schmidt and Curley, fue planeado para armonizar con la topograf\u00eda de la regi\u00f3n por lo que sus 18 hoyos te ofrecen un juego lleno de retos y hermosos paisajes.<\/p>\n<p style=\"text-align: justify;\">Y si lo tuyo son las actividades acu\u00e1ticas, este lugar resulta ideal para la pr\u00e1ctica del veleo, ski acu\u00e1tico, kayak, nataci\u00f3n, recorrido en yates y motos acu\u00e1ticas. Adem\u00e1s cuenta con la Casa Club que te invita a hacer uso de todos los servicios y confort que necesitas despu\u00e9s de la actividad golf\u00edstica, deportiva y n\u00e1utica. En sus instalaciones te ofrece: alberca con \u00e1rea de asoleadero, c\u00f3modos vestidores, canchas de tenis y padel, ciclotrotapista, gimnasio, restaurante y \u00e1rea de juegos infantiles.<\/p>\n<p style=\"text-align: center;\"><b>Procesi\u00f3n del Silencio<\/b><\/p>\n<p style=\"text-align: justify;\"><a href=\"http:\/\/prensalibremexicana.com\/wp\/wp-content\/uploads\/2014\/04\/PROCESION-DEL-SILENCIO-TEPEJI-DEL-RIO.jpg\"><img loading=\"lazy\" decoding=\"async\" class=\"alignleft wp-image-466\" src=\"http:\/\/prensalibremexicana.com\/wp\/wp-content\/uploads\/2014\/04\/PROCESION-DEL-SILENCIO-TEPEJI-DEL-RIO.jpg\" alt=\"PROCESION DEL SILENCIO TEPEJI DEL RIO\" width=\"442\" height=\"332\" srcset=\"https:\/\/prensalibremexicana.com\/wp\/wp-content\/uploads\/2014\/04\/PROCESION-DEL-SILENCIO-TEPEJI-DEL-RIO.jpg 2048w, https:\/\/prensalibremexicana.com\/wp\/wp-content\/uploads\/2014\/04\/PROCESION-DEL-SILENCIO-TEPEJI-DEL-RIO-600x450.jpg 600w, https:\/\/prensalibremexicana.com\/wp\/wp-content\/uploads\/2014\/04\/PROCESION-DEL-SILENCIO-TEPEJI-DEL-RIO-300x225.jpg 300w, https:\/\/prensalibremexicana.com\/wp\/wp-content\/uploads\/2014\/04\/PROCESION-DEL-SILENCIO-TEPEJI-DEL-RIO-1024x768.jpg 1024w, https:\/\/prensalibremexicana.com\/wp\/wp-content\/uploads\/2014\/04\/PROCESION-DEL-SILENCIO-TEPEJI-DEL-RIO-100x75.jpg 100w, https:\/\/prensalibremexicana.com\/wp\/wp-content\/uploads\/2014\/04\/PROCESION-DEL-SILENCIO-TEPEJI-DEL-RIO-150x112.jpg 150w, https:\/\/prensalibremexicana.com\/wp\/wp-content\/uploads\/2014\/04\/PROCESION-DEL-SILENCIO-TEPEJI-DEL-RIO-200x150.jpg 200w, https:\/\/prensalibremexicana.com\/wp\/wp-content\/uploads\/2014\/04\/PROCESION-DEL-SILENCIO-TEPEJI-DEL-RIO-450x337.jpg 450w, https:\/\/prensalibremexicana.com\/wp\/wp-content\/uploads\/2014\/04\/PROCESION-DEL-SILENCIO-TEPEJI-DEL-RIO-900x675.jpg 900w\" sizes=\"(max-width: 442px) 100vw, 442px\" \/><\/a>En un ambiente de misticismo y religiosidad, el pueblo tepejano vive cada Viernes Santo la Procesi\u00f3n del Silencio, un evento realizado desde 1952 por iniciativa del Ing. Jos\u00e9 Terr\u00e9, empleado espa\u00f1ol de la f\u00e1brica La Josefina, obreros de la misma f\u00e1brica y el Pbro. Pedro Trujillo quienes conforman la Hermandad del Santo Entierro y organizan una Procesi\u00f3n similar a la que se realiza en Sevilla, Espa\u00f1a.<\/p>\n<p style=\"text-align: justify;\">Alrededor de las 20:00 hrs. sale el contingente de la f\u00e1brica La Josefina e inicia su recorrido por la Avenida Melchor Ocampo.<\/p>\n<p style=\"text-align: justify;\"><a href=\"http:\/\/prensalibremexicana.com\/wp\/wp-content\/uploads\/2014\/04\/PROCESION-DEL-SILENCIO-TEPEJI-DEL-RIO-2.jpg\"><img loading=\"lazy\" decoding=\"async\" class=\"alignleft wp-image-467\" src=\"http:\/\/prensalibremexicana.com\/wp\/wp-content\/uploads\/2014\/04\/PROCESION-DEL-SILENCIO-TEPEJI-DEL-RIO-2.jpg\" alt=\"PROCESION DEL SILENCIO TEPEJI DEL RIO (2)\" width=\"442\" height=\"332\" srcset=\"https:\/\/prensalibremexicana.com\/wp\/wp-content\/uploads\/2014\/04\/PROCESION-DEL-SILENCIO-TEPEJI-DEL-RIO-2.jpg 2048w, https:\/\/prensalibremexicana.com\/wp\/wp-content\/uploads\/2014\/04\/PROCESION-DEL-SILENCIO-TEPEJI-DEL-RIO-2-600x450.jpg 600w, https:\/\/prensalibremexicana.com\/wp\/wp-content\/uploads\/2014\/04\/PROCESION-DEL-SILENCIO-TEPEJI-DEL-RIO-2-300x225.jpg 300w, https:\/\/prensalibremexicana.com\/wp\/wp-content\/uploads\/2014\/04\/PROCESION-DEL-SILENCIO-TEPEJI-DEL-RIO-2-1024x768.jpg 1024w, https:\/\/prensalibremexicana.com\/wp\/wp-content\/uploads\/2014\/04\/PROCESION-DEL-SILENCIO-TEPEJI-DEL-RIO-2-100x75.jpg 100w, https:\/\/prensalibremexicana.com\/wp\/wp-content\/uploads\/2014\/04\/PROCESION-DEL-SILENCIO-TEPEJI-DEL-RIO-2-150x112.jpg 150w, https:\/\/prensalibremexicana.com\/wp\/wp-content\/uploads\/2014\/04\/PROCESION-DEL-SILENCIO-TEPEJI-DEL-RIO-2-200x150.jpg 200w, https:\/\/prensalibremexicana.com\/wp\/wp-content\/uploads\/2014\/04\/PROCESION-DEL-SILENCIO-TEPEJI-DEL-RIO-2-450x337.jpg 450w, https:\/\/prensalibremexicana.com\/wp\/wp-content\/uploads\/2014\/04\/PROCESION-DEL-SILENCIO-TEPEJI-DEL-RIO-2-900x675.jpg 900w\" sizes=\"(max-width: 442px) 100vw, 442px\" \/><\/a>Encabezan la Procesi\u00f3n los C\u00f3frades quienes visten h\u00e1bitos similares a los de los monjes y cubren sus caras con capuchones. Son los encargados de trasladar la urna del Santo Entierro, la Virgen Dolorosa e im\u00e1genes de los siglos XVII y XVIII. Seguidos por los sayones a caballo. Posteriormente hacen su aparici\u00f3n los cuadros b\u00edblicos, representaciones de la vida y pasi\u00f3n de Cristo sobre plataformas de trailer. Destaca la participaci\u00f3n de la poblaci\u00f3n, organizada desde meses atr\u00e1s para escenificar los pasajes b\u00edblicos sumando alrededor de 500 habitantes entre actores y contingente a p\u00ede.<\/p>\n<p style=\"text-align: justify;\">Es imponente el espect\u00e1culo pues al paso del contingente las luces del alumbrado p\u00fablico, casas y negocios se apagan quedando iluminada la avenida \u00fanicamente por antorchas que son colocadas en las azoteas. Complementa el espect\u00e1culo el sonido de los tambores que dan el toque de solemnidad.<\/p>\n<p style=\"text-align: center;\" align=\"center\"><b>Procesi\u00f3n del Silencio.\u00a0<\/b><b>Tepeji del R\u00edo, Hidalgo<\/b><\/p>\n<p style=\"text-align: right;\" align=\"right\">Octavio Jim\u00e9nez y Jos\u00e9 Antonio Zambrano<\/p>\n<p style=\"text-align: justify;\"><a href=\"http:\/\/prensalibremexicana.com\/wp\/wp-content\/uploads\/2014\/04\/URNA-DEL-SANTO-ENTIERRO-TEPEJI-DEL-RIO.jpg\"><img loading=\"lazy\" decoding=\"async\" class=\"alignleft wp-image-475\" src=\"http:\/\/prensalibremexicana.com\/wp\/wp-content\/uploads\/2014\/04\/URNA-DEL-SANTO-ENTIERRO-TEPEJI-DEL-RIO.jpg\" alt=\"URNA DEL SANTO ENTIERRO TEPEJI DEL RIO\" width=\"309\" height=\"232\" srcset=\"https:\/\/prensalibremexicana.com\/wp\/wp-content\/uploads\/2014\/04\/URNA-DEL-SANTO-ENTIERRO-TEPEJI-DEL-RIO.jpg 2048w, https:\/\/prensalibremexicana.com\/wp\/wp-content\/uploads\/2014\/04\/URNA-DEL-SANTO-ENTIERRO-TEPEJI-DEL-RIO-600x450.jpg 600w, https:\/\/prensalibremexicana.com\/wp\/wp-content\/uploads\/2014\/04\/URNA-DEL-SANTO-ENTIERRO-TEPEJI-DEL-RIO-300x225.jpg 300w, https:\/\/prensalibremexicana.com\/wp\/wp-content\/uploads\/2014\/04\/URNA-DEL-SANTO-ENTIERRO-TEPEJI-DEL-RIO-1024x768.jpg 1024w, https:\/\/prensalibremexicana.com\/wp\/wp-content\/uploads\/2014\/04\/URNA-DEL-SANTO-ENTIERRO-TEPEJI-DEL-RIO-100x75.jpg 100w, https:\/\/prensalibremexicana.com\/wp\/wp-content\/uploads\/2014\/04\/URNA-DEL-SANTO-ENTIERRO-TEPEJI-DEL-RIO-150x112.jpg 150w, https:\/\/prensalibremexicana.com\/wp\/wp-content\/uploads\/2014\/04\/URNA-DEL-SANTO-ENTIERRO-TEPEJI-DEL-RIO-200x150.jpg 200w, https:\/\/prensalibremexicana.com\/wp\/wp-content\/uploads\/2014\/04\/URNA-DEL-SANTO-ENTIERRO-TEPEJI-DEL-RIO-450x337.jpg 450w, https:\/\/prensalibremexicana.com\/wp\/wp-content\/uploads\/2014\/04\/URNA-DEL-SANTO-ENTIERRO-TEPEJI-DEL-RIO-900x675.jpg 900w\" sizes=\"(max-width: 309px) 100vw, 309px\" \/><\/a>El Tepeji de la Nueva Espa\u00f1a, creci\u00f3 alrededor de la construcci\u00f3n edificada por los religiosos franciscanos, misma que sirvi\u00f3 para pacificar dos pueblos vecinos de sangrienta rivalidad: los n\u00e1huatl de Tepexic y los otom\u00edes de Otlaxpan.<\/p>\n<p style=\"text-align: justify;\">Se trata de la Iglesia y Ex-Convento de San Francisco de As\u00eds, que aun podemos ver, mas de cuatro siglos despu\u00e9s, en el centro de la ciudad. La fecha de construcci\u00f3n es la misma en la que se fundo el pueblo:\u00a0 8 de Octubre de 1558.<\/p>\n<p style=\"text-align: justify;\">El fruto de la labor franciscana se refleja en el catolicismo arraigado en el esp\u00edritu del pueblo tepejano. Remont\u00e1ndonos a tiempos de la Colonia, en el a\u00f1o de 1697 se constituye la Hermandad del Santo Entierro de Cristo Se\u00f1or Nuestro; fundada en torno a la devoci\u00f3n de la imagen que representa a Cristo muerto dentro de una urna con cristales, que simula un ata\u00fad. La fundaci\u00f3n de la hermandad, as\u00ed como sus estatutos y obligaciones se encuentran en los libros originales del a\u00f1o de 1660 escritos en espa\u00f1ol antiguo que actualmente se guardan en el archivo de la parroquia de la misma poblaci\u00f3n.<\/p>\n<p style=\"text-align: justify;\"><a href=\"http:\/\/prensalibremexicana.com\/wp\/wp-content\/uploads\/2014\/04\/PROCESION-DEL-SILENCIO-TEPEJI-DEL-RIO-HIDALGO-2.jpg\"><img loading=\"lazy\" decoding=\"async\" class=\"alignleft wp-image-476\" src=\"http:\/\/prensalibremexicana.com\/wp\/wp-content\/uploads\/2014\/04\/PROCESION-DEL-SILENCIO-TEPEJI-DEL-RIO-HIDALGO-2.jpg\" alt=\"PROCESION DEL SILENCIO TEPEJI DEL RIO HIDALGO (2)\" width=\"296\" height=\"198\" \/><\/a>Al paso del tiempo y debido a la disminuci\u00f3n de integrantes, as\u00ed como a los cambios dentro de la misma Iglesia cat\u00f3lica la hermandad desaparece hacia finales del siglo XIX. Ser\u00e1 hasta el a\u00f1o de 1951 cuando a iniciativa del Ing. Jos\u00e9 Terr\u00e9, empleado espa\u00f1ol de la fabrica \u201cLa Josefina\u201d los obreros de la misma f\u00e1brica\u00a0 y el Pbro. Pedro\u00a0 Trujillo resurge la agrupaci\u00f3n con el nombre de Hermandad del Santo Entierro. La iniciativa de esto fue para organizar una Procesi\u00f3n similar a la que se realiza en Sevilla, Espa\u00f1a, de donde era originario el Ing. Terr\u00e9.<\/p>\n<p style=\"text-align: justify;\">Actualmente, esta representaci\u00f3n tiene lugar la noche del Viernes Santo y se caracteriza, adem\u00e1s de la participaci\u00f3n\u00a0 de la Hermandad, porque las escenas de la vida y pasi\u00f3n de Cristo, se presentan por los habitantes de Tepeji en plataformas de traileres que desfilan a lo largo de la Avenida\u00a0 Principal.<\/p>\n<p style=\"text-align: justify;\">Para la realizaci\u00f3n de los Cuadros B\u00edblicos y como se hace desde los inicios, los preparativos del acto se realizan en el patio de la f\u00e1brica \u201cLa Josefina\u201d que esta en el centro de la ciudad. El Viernes Santo, desde temprana hora ingresan los camiones, los materiales y el personal que se encargara de la instalaci\u00f3n y decoraci\u00f3n de los cuadros.<\/p>\n<p style=\"text-align: justify;\">Cada cuadro requiere una inversi\u00f3n aproximada de 10,000 pesos los cuales son aportados por los participantes y el Comit\u00e9 Organizador as\u00ed como por cooperaci\u00f3n de autoridades, comercios y habitantes en general.<\/p>\n<p style=\"text-align: justify;\">Varias de las escenograf\u00edas se preparan con d\u00edas de anticipaci\u00f3n y el Viernes Santo, el trabajo se reduce a montarlas sobre las plataformas. A lo largo de la ma\u00f1ana y la tarde de ese d\u00eda, todo es cortar madera, papel y\u00a0 cart\u00f3n; clavar, pegar y pintar. Muchos de los que trabajan en el armado de cuadros son quienes encarnan personajes por la noche.\u00a0 A las 18:30 comienza el trabajo de caracterizaci\u00f3n: aparecen las t\u00fanicas, las armaduras de lat\u00f3n, las pelucas etc. Y apoyados tambi\u00e9n por el recurso del\u00a0 maquillaje van surgiendo los personajes de cada cuadro.<\/p>\n<p style=\"text-align: justify;\"><a href=\"http:\/\/prensalibremexicana.com\/wp\/wp-content\/uploads\/2014\/04\/PROCESION-DEL-SILENCIO-TEPEJI-DEL-RIO-5.jpg\"><img loading=\"lazy\" decoding=\"async\" class=\"alignleft wp-image-477\" src=\"http:\/\/prensalibremexicana.com\/wp\/wp-content\/uploads\/2014\/04\/PROCESION-DEL-SILENCIO-TEPEJI-DEL-RIO-5.jpg\" alt=\"PROCESION DEL SILENCIO TEPEJI DEL RIO (5)\" width=\"442\" height=\"332\" srcset=\"https:\/\/prensalibremexicana.com\/wp\/wp-content\/uploads\/2014\/04\/PROCESION-DEL-SILENCIO-TEPEJI-DEL-RIO-5.jpg 2048w, https:\/\/prensalibremexicana.com\/wp\/wp-content\/uploads\/2014\/04\/PROCESION-DEL-SILENCIO-TEPEJI-DEL-RIO-5-600x450.jpg 600w, https:\/\/prensalibremexicana.com\/wp\/wp-content\/uploads\/2014\/04\/PROCESION-DEL-SILENCIO-TEPEJI-DEL-RIO-5-300x225.jpg 300w, https:\/\/prensalibremexicana.com\/wp\/wp-content\/uploads\/2014\/04\/PROCESION-DEL-SILENCIO-TEPEJI-DEL-RIO-5-1024x768.jpg 1024w, https:\/\/prensalibremexicana.com\/wp\/wp-content\/uploads\/2014\/04\/PROCESION-DEL-SILENCIO-TEPEJI-DEL-RIO-5-100x75.jpg 100w, https:\/\/prensalibremexicana.com\/wp\/wp-content\/uploads\/2014\/04\/PROCESION-DEL-SILENCIO-TEPEJI-DEL-RIO-5-150x112.jpg 150w, https:\/\/prensalibremexicana.com\/wp\/wp-content\/uploads\/2014\/04\/PROCESION-DEL-SILENCIO-TEPEJI-DEL-RIO-5-200x150.jpg 200w, https:\/\/prensalibremexicana.com\/wp\/wp-content\/uploads\/2014\/04\/PROCESION-DEL-SILENCIO-TEPEJI-DEL-RIO-5-450x337.jpg 450w, https:\/\/prensalibremexicana.com\/wp\/wp-content\/uploads\/2014\/04\/PROCESION-DEL-SILENCIO-TEPEJI-DEL-RIO-5-900x675.jpg 900w\" sizes=\"(max-width: 442px) 100vw, 442px\" \/><\/a>Un promedio de 10 personas es quienes participan en cada escena en la noche, es decir aproximadamente 250 actores improvisados y otra cantidad similar en el contingente a pie.<\/p>\n<p style=\"text-align: justify;\">La procesi\u00f3n comienza a las 8 de la noche en un ambiente rodeado de misticismo y religiosidad popular. Los Cofrades inician su recorrido encabezados por el Cristo de Ca\u00f1a (llamado as\u00ed, debido al material con que fue elaborado por ind\u00edgenas en el siglo XVII) imagen a tama\u00f1o natural de Cristo crucificado.<\/p>\n<p style=\"text-align: justify;\">La Hermandad del Santo Entierro viste h\u00e1bitos similares a los de los monjes y cubren sus caras con capuchones. El color de los h\u00e1bitos es amarillo, que significa la alegr\u00eda y gozo por la resurrecci\u00f3n de Cristo. La capa p\u00farpura significa la sangre que derramo Cristo por amor a los hombres. La capucha p\u00farpura con una cruz roja al frente\u00a0 indica el anonimato con que se debe de realizar todo acto de penitencia.<\/p>\n<p style=\"text-align: justify;\">El paso continua con la Urna del Santo Entierro cargada por los penitentes encapuchados y con la imagen de la Virgen Dolorosa y diferentes advocaciones (im\u00e1genes en su mayor\u00eda de los siglos XVII Y XVII. A esto siguen\u00a0 los sayones a caballo, y los veinte o veinticinco\u00a0 camiones de Cuadros B\u00edblicos.<\/p>\n<p style=\"text-align: justify;\">Es imponente el espect\u00e1culo porque para el paso del contingente, las luces del alumbrado p\u00fablico y de las casas se apagan y solo\u00a0 lo ilumina las antorchas colocadas en las orillas de las azoteas de la casa y edificios de la Avenida Principal. Adem\u00e1s, se impone el sonido de los tambores que marcan el toque de solemnidad que amerita la ocasi\u00f3n.<\/p>\n<p style=\"text-align: justify;\">El esp\u00edritu religioso no se ve, pero se vive y se siente,\u00a0 por eso, cuando el Viernes Santo aparezca la Procesi\u00f3n del Silencio, sentiremos gravitar entre nosotros el esp\u00edritu franciscano y el alma de nuestros antepasados ind\u00edgenas, quienes dejaron huella de su cultura en la Iglesia\u00a0 y Ex-Convento de San Francisco.<\/p>\n<p style=\"text-align: center;\" align=\"center\"><b>Leyenda del Cristo del Santo Entierro<\/b><\/p>\n<p style=\"text-align: right;\" align=\"right\">Maricarmen Minguez<\/p>\n<p style=\"text-align: justify;\">En el siglo XVI el poblado de Tepeji era paso obligado para los viajeros que se dirig\u00edan a la capital del virreinato a entregar o vender las mulas que tra\u00edan del norte.<\/p>\n<p style=\"text-align: justify;\">Pues bien, en una hermosa tarde, las pocas personas que paseaban por las cercan\u00edas del convento, vieron que una mula se internaba por las puertas de la atrio, a\u00fan cuando algunos de ellos comentaron sobre su procedencia, sobre la falta de arriero y sobre el lugar en el que animal vagabundo buscar\u00eda refugio.<\/p>\n<p style=\"text-align: justify;\">Al d\u00eda siguiente, cuando el sacrist\u00e1n abri\u00f3 la puerta de la iglesia, encontr\u00f3 una mula cargada con dos cajones, echada cerca de la puerta, lo que imped\u00eda la entrada de los frailes. Llam\u00f3 al cura y entre ambos trataron de levantar a la ac\u00e9mila sin lograrlo. Esta operaci\u00f3n se repet\u00eda cada que llegaba alg\u00fan hombre, pero parec\u00eda que el animal se hab\u00eda adherido al suelo, hasta que al fin alguien sugiri\u00f3 que se le quitara la carga, cosa que realizaron inmediatamente y enseguida el animal se levant\u00f3 sin ning\u00fan esfuerzo.<\/p>\n<p style=\"text-align: justify;\">Paso el tiempo el tiempo y al ver que no se presentaba el due\u00f1o de la bestia, se consult\u00f3 el caso a las autoridades civiles y religiosas. Ambas convinieron en abrir las cajas para ver su contenido. Se procedi\u00f3 a forzar las cerraduras y se encontraron con un Cristo de gozne dividido.<\/p>\n<p style=\"text-align: justify;\">Y este es el Cristo guardado en una urna que se venera bajo advocaci\u00f3n del Santo Entierro, y que todos los Viernes Santos sale del templo acompa\u00f1ando a los cuadros de la Procesi\u00f3n del Silencio.<\/p>\n<p style=\"text-align: center;\"><b>Fiestas de octubre<\/b><\/p>\n<p style=\"text-align: justify;\"><a href=\"http:\/\/prensalibremexicana.com\/wp\/wp-content\/uploads\/2014\/04\/Centro-Historico-Tepeji-5.jpg\"><img loading=\"lazy\" decoding=\"async\" class=\"alignleft wp-image-468\" src=\"http:\/\/prensalibremexicana.com\/wp\/wp-content\/uploads\/2014\/04\/Centro-Historico-Tepeji-5.jpg\" alt=\"Centro Historico Tepeji (5)\" width=\"388\" height=\"246\" srcset=\"https:\/\/prensalibremexicana.com\/wp\/wp-content\/uploads\/2014\/04\/Centro-Historico-Tepeji-5.jpg 808w, https:\/\/prensalibremexicana.com\/wp\/wp-content\/uploads\/2014\/04\/Centro-Historico-Tepeji-5-600x380.jpg 600w, https:\/\/prensalibremexicana.com\/wp\/wp-content\/uploads\/2014\/04\/Centro-Historico-Tepeji-5-300x190.jpg 300w, https:\/\/prensalibremexicana.com\/wp\/wp-content\/uploads\/2014\/04\/Centro-Historico-Tepeji-5-100x63.jpg 100w, https:\/\/prensalibremexicana.com\/wp\/wp-content\/uploads\/2014\/04\/Centro-Historico-Tepeji-5-150x95.jpg 150w, https:\/\/prensalibremexicana.com\/wp\/wp-content\/uploads\/2014\/04\/Centro-Historico-Tepeji-5-200x126.jpg 200w, https:\/\/prensalibremexicana.com\/wp\/wp-content\/uploads\/2014\/04\/Centro-Historico-Tepeji-5-450x285.jpg 450w\" sizes=\"(max-width: 388px) 100vw, 388px\" \/><\/a>Constituye la festividad m\u00e1s importante del municipio pues se celebra al Santo Patrono San Francisco de As\u00eds y el Aniversario de la Fundaci\u00f3n de Tepeji del R\u00edo los d\u00edas 4 y 8 de octubre respectivamente.<\/p>\n<p style=\"text-align: justify;\">El programa de feria incluye actividades culturales, religiosas, deportivas, gastron\u00f3micas, teatro del pueblo, juegos mec\u00e1nicos y fuegos pirot\u00e9cnicos en un ambiente totalmente familiar.<\/p>\n<p style=\"text-align: center;\" align=\"center\"><span style=\"color: #0000ff;\"><b>Cr\u00e9ditos<\/b><\/span><\/p>\n<p style=\"text-align: right;\"><span style=\"color: #0000ff;\"><b>Informaci\u00f3n:<\/b><\/span><\/p>\n<p style=\"text-align: right;\"><span style=\"color: #0000ff;\">**Gobierno Municipal de Tepeji del R\u00edo de Ocampo, Hidalgo.<\/span><\/p>\n<p style=\"text-align: right;\"><span style=\"color: #0000ff;\">**Direccion de Turismo y Eventos. Gobierno Municipal de Tepeji.<\/span><\/p>\n<p style=\"text-align: right;\"><span style=\"color: #0000ff;\">**Texto Semana Santa: Octavio Jim\u00e9nez Ram\u00edrez y Jos\u00e9 Antonio Zambrano.<\/span><\/p>\n<p style=\"text-align: right;\"><span style=\"color: #0000ff;\">\u00a0<\/span><\/p>\n<p style=\"text-align: right;\"><span style=\"color: #0000ff;\"><b>Fotograf\u00edas<\/b>:<\/span><\/p>\n<p style=\"text-align: right;\"><span style=\"color: #0000ff;\">** Gobierno Municipal de Tepeji del R\u00edo.<\/span><\/p>\n<p style=\"text-align: right;\"><span style=\"color: #0000ff;\">**Sergio Luna P\u00e9rez<\/span><\/p>\n<p>&nbsp;<\/p>\n<p align=\"center\"><b>Directorio de servicios tur\u00edsticos<\/b><\/p>\n<p align=\"center\"><b>Tepeji del R\u00edo de Ocampo, Hidalgo<\/b><\/p>\n<p style=\"text-align: center;\"><span style=\"color: #0000ff;\"><b>Restaurantes<\/b><\/span><\/p>\n<p style=\"text-align: justify;\"><b>La Casona<\/b><b> 1940<\/b><\/p>\n<p style=\"text-align: justify;\">Av. Melchor Ocampo no. 56, San Mateo 1ra Sec.<\/p>\n<p style=\"text-align: justify;\">Tel.\u00a0 01 773 7338829,\u00a0\u00a0 Horario de Servicio. Lunes a viernes de 8 a 22hrs.Sabado de 9 a 22 hrs y domingo de 9 a 19 hrs.<\/p>\n<p style=\"text-align: justify;\">Men\u00fa Nacional e Internacional, Comida regional y servicio a la carta, cuenta con servicio de bar<\/p>\n<p style=\"text-align: justify;\">P\u00e1gina de internet:\u00a0 http:\/\/www.lacasona1940.com<\/p>\n<p style=\"text-align: justify;\">Correo: lacasona1940@prodigy.net<\/p>\n<p style=\"text-align: justify;\"><b>Las Margaritas<\/b><\/p>\n<p style=\"text-align: justify;\">Carretera Tula Tepeji SN Tlaxinacalpan,<\/p>\n<p style=\"text-align: justify;\">Tepeji del R\u00edo de Ocampo<\/p>\n<p style=\"text-align: justify;\">Tel: 01 773 733 0631<\/p>\n<p style=\"text-align: justify;\">Horarios: martes a viernes de 11:30 a 19:00hrs, sab y dom 9:30 a 19:00 hrs.<\/p>\n<p style=\"text-align: justify;\">Servicios: Comida Artesanal, Men\u00fa Nacional Servicio de Bar<\/p>\n<p style=\"text-align: justify;\"><b>Los Caudillos Grill<\/b><\/p>\n<p style=\"text-align: justify;\">Av. Melchor Ocampo No. 7. , Col San Mateo 1\u00aa. Secci\u00f3n<\/p>\n<p style=\"text-align: justify;\">Tel. 7333298,<\/p>\n<p style=\"text-align: justify;\">Horario de servicio: Martes a S\u00e1bado: de 13:30 a 24:00 Domingo: 13:30 a 22:00 hrs.<\/p>\n<p style=\"text-align: justify;\">Servicios: Estacionamiento, \u00c1rea Infantil, Terraza y Zona para eventos<\/p>\n<p style=\"text-align: justify;\">Carnes, Ensaladas y Tacos<\/p>\n<p style=\"text-align: justify;\"><b>D\u00b4Gustar<\/b><\/p>\n<p style=\"text-align: justify;\">Av. Melchor Ocampo no. 27, Noxtongo<\/p>\n<p style=\"text-align: justify;\">Tel. 7332928, horario 8-21 hrs.<\/p>\n<p style=\"text-align: justify;\">Servicios: Estacionamiento, \u00c1rea infantil, M\u00fasica en vivo<\/p>\n<p style=\"text-align: justify;\">Men\u00fa y servicio a la carta, viernes de 14-17 hrs. buffet.<\/p>\n<p style=\"text-align: justify;\"><b>La Burbuja<\/b><b><\/b><\/p>\n<p style=\"text-align: justify;\">Av. Melchor acampo no. 16, El Ed\u00e9n<\/p>\n<p style=\"text-align: justify;\">Tel. 7333021, horario 10-22 hrs.<\/p>\n<p style=\"text-align: justify;\">Men\u00fa y servicio a la carta<\/p>\n<p style=\"text-align: justify;\"><b>El Quincho<\/b><\/p>\n<p style=\"text-align: justify;\">Av. Melchor Ocampo no. 3, Noxtongo 1\u00aa. Secci\u00f3n<\/p>\n<p style=\"text-align: justify;\">Tel. 7330139,<\/p>\n<p style=\"text-align: justify;\">Horario de Servicio: Martes a Domingo de 13:00 a 23:00 hrs<\/p>\n<p style=\"text-align: justify;\">Parrilla Argentina, Carnes, Cortes y Ensaladas, Pastas y Pizzas<\/p>\n<p style=\"text-align: justify;\"><b>Vegania<\/b><\/p>\n<p style=\"text-align: justify;\">Ignacio Comonfort 19. Col El Ed\u00e9n<\/p>\n<p style=\"text-align: justify;\">Tel.\u00a0 773 1089674,<\/p>\n<p style=\"text-align: justify;\">Horario de Servicio: de 8:00 a 19:00 hrs.<\/p>\n<p style=\"text-align: justify;\">Restaurante Vegetariano, Men\u00fa del D\u00eda y a la Carta, Productos Org\u00e1nicos<\/p>\n<p style=\"text-align: justify;\"><b>Las Brasas<\/b><\/p>\n<p style=\"text-align: justify;\">Direcci\u00f3n: deportiva No. 9, Col. Taxido<\/p>\n<p style=\"text-align: justify;\">Tel. 7332999, horarios: 13- 21 Hrs. Martes a domingo.<\/p>\n<p style=\"text-align: justify;\">Servicios: servicio a la carta, renta para eventos<\/p>\n<p style=\"text-align: justify;\"><b>D\u00b4Charlys<\/b><\/p>\n<p style=\"text-align: justify;\">Direcci\u00f3n: Av. Melchor Ocampo #77 Col. Tlaxinacalpan<\/p>\n<p style=\"text-align: justify;\">Tel. 7331157<\/p>\n<p style=\"text-align: justify;\">Servicios: men\u00fa y a la carta, sal\u00f3n de fiestas<\/p>\n<p style=\"text-align: justify;\"><b>Restaurante Chiles<\/b><\/p>\n<p style=\"text-align: justify;\">Av. Melchor Ocampo No. 16, San Francisco<\/p>\n<p style=\"text-align: justify;\">Tel\u00e9fonos: 7731294850<\/p>\n<p style=\"text-align: justify;\">Nextel: 72*14*72937 y 92*822122*1<\/p>\n<p style=\"text-align: justify;\">Horarios: 7-19 hrs.<\/p>\n<p style=\"text-align: justify;\">Comida a la Carta, Men\u00fa<\/p>\n<p style=\"text-align: justify;\">Facebook: Restaurante Chiles<\/p>\n<p style=\"text-align: justify;\"><b>Restaurante Oscar\u2019s<\/b><\/p>\n<p style=\"text-align: justify;\">Francisco I. Madero No. 8 Col. San Francisco 1\u00aa Secc.<\/p>\n<p style=\"text-align: justify;\">Horario de Servicio: de 13:00 a 19:00 hrs<\/p>\n<p style=\"text-align: justify;\">Comida a la Carta, Men\u00fa<\/p>\n<p style=\"text-align: justify;\">Facebook: Oscar Reyes<\/p>\n<p style=\"text-align: justify;\"><b>Patio Tepeji<\/b><\/p>\n<p style=\"text-align: justify;\">Antigua Autopista a Quer\u00e9taro s\/n Col. San Mateo 1\u00aa. Secci\u00f3n<\/p>\n<p style=\"text-align: justify;\">Horario de Servicio: de 13:00 a 20:30 hrs<\/p>\n<p style=\"text-align: justify;\">Zona de Comida<\/p>\n<p style=\"text-align: justify;\">Comida China, Pizza,<\/p>\n<p style=\"text-align: center;\"><span style=\"color: #0000ff;\"><b>Hoteles<\/b><\/span><\/p>\n<p style=\"text-align: justify;\"><b>La Casona<\/b><b> 1940<\/b><\/p>\n<p style=\"text-align: justify;\">Av. Melchor Ocampo no. 56, San Mateo 1ra Sec.<\/p>\n<p style=\"text-align: justify;\">Tel.\u00a0 (01 773) 7338829, 7 33 0373, 7 33 16 28<\/p>\n<p style=\"text-align: justify;\">22 habitaciones\u00a0 ( 17 habitaciones est\u00e1ndar, 2 Junior Suite y 3 Master Suite)<\/p>\n<p style=\"text-align: justify;\">Valet parking, estacionamiento, Internet inal\u00e1mbrico, restaurante, sal\u00f3n de eventos<\/p>\n<p style=\"text-align: justify;\">P\u00e1gina de internet: http:\/\/www.lacasona1940.com<\/p>\n<p style=\"text-align: justify;\">Correo: lacasona1940@prodigy.net<\/p>\n<p style=\"text-align: justify;\"><b>Posada del R\u00edo<\/b><\/p>\n<p style=\"text-align: justify;\">Ignacio Comonfort #19, Col. Noxtongo, C.P. 42850<\/p>\n<p style=\"text-align: justify;\">Tel\u00e9fono y fax: +(773) 733 2048 y +(773) 733 2770<\/p>\n<p style=\"text-align: justify;\">10 Suites (Junior y Master Suite con Jacuzzi) Cable, servicio a cuarto, Internet Inal\u00e1mbrico, estacionamiento,<\/p>\n<p style=\"text-align: justify;\">Distintivo M<\/p>\n<p style=\"text-align: justify;\">P\u00e1gina de Internet: http:\/\/www.posadadelriohotel.com\/<\/p>\n<p style=\"text-align: justify;\">Correo: monroyteresa@yahoo.com.mx<\/p>\n<p style=\"text-align: justify;\"><b>Henuz Inn<\/b><\/p>\n<p style=\"text-align: justify;\">Ignacio Comonfort no. 13, El Ed\u00e9n<\/p>\n<p style=\"text-align: justify;\">Tel. 7338824, 24 hrs. Hotel de 3 estrellas.<\/p>\n<p style=\"text-align: justify;\">Habitaciones sencillas y dobles, Cable, servicio a cuarto, estacionamiento, Internet inal\u00e1mbrico.<\/p>\n<p style=\"text-align: justify;\"><b>Hotel Henuz<\/b><\/p>\n<p style=\"text-align: justify;\">Carr. Tula-Tepeji KM 6 col. El Caracol<\/p>\n<p style=\"text-align: justify;\">Tel. 7333805, 24 Hrs.<\/p>\n<p style=\"text-align: justify;\">Cable, servicio a cuarto, agua caliente, estacionamiento, Internet.<\/p>\n<p style=\"text-align: justify;\"><b>Hotel Cires<\/b><\/p>\n<p style=\"text-align: justify;\">Avenida Melchor Ocampo n\u00fam. 36, Col. El Ed\u00e9n, CP 42830<\/p>\n<p style=\"text-align: justify;\">Tel\u00e9fono: 01(773) 73 3 07 83<\/p>\n<p style=\"text-align: justify;\">Servicios: TV con cable, Internet estacionamiento, tienda de artesan\u00edas<\/p>\n<p style=\"text-align: justify;\">Correo Electr\u00f3nico: marycarmentapia@hotmail.com<\/p>\n<p style=\"text-align: justify;\"><b>Hotel Cuandon<\/b><\/p>\n<p style=\"text-align: justify;\">Carretera Tula-Tepeji, Col. Tlaxinacalpan<\/p>\n<p style=\"text-align: justify;\">Servicios: TV con cable, Internet estacionamiento, agua caliente, restaurante, sal\u00f3n de eventos.<\/p>\n<p style=\"text-align: justify;\">Tel. 7332133, 24 hrs.<\/p>\n<p style=\"text-align: justify;\"><b>Hotel Citlali<\/b><\/p>\n<p style=\"text-align: justify;\">Ignacio Comonfort no. 5, Noxtongo<\/p>\n<p style=\"text-align: justify;\">Servicios: Agua caliente, TV a color, cable.<\/p>\n<p style=\"text-align: justify;\">Tel. 7731282893, 24 hrs.<\/p>\n<p style=\"text-align: center;\"><span style=\"color: #0000ff;\"><b>Agencias de Viaje<\/b><\/span><\/p>\n<p style=\"text-align: justify;\"><b>Viajes Tepeji<\/b><\/p>\n<p style=\"text-align: justify;\">Av. Melchor Ocampo no. 75, San Francisco<\/p>\n<p style=\"text-align: justify;\">Servicios: Boletos de avi\u00f3n y autobuses, hoteles, paqueter\u00eda y mensajer\u00eda.<\/p>\n<p style=\"text-align: justify;\">Tel. 7333102, horario 9-14 y 16-18 hrs.<\/p>\n<p style=\"text-align: justify;\"><b>Hidalgo Global Services<\/b><\/p>\n<p style=\"text-align: justify;\">Av. Melchor Ocampo n. 39, Centro<\/p>\n<p style=\"text-align: justify;\">Servicios: Boletos de avi\u00f3n y autobuses, hoteles.<\/p>\n<p style=\"text-align: justify;\">Tel. 7338380, horario 9-17 hrs.<\/p>\n<p style=\"text-align: center;\"><span style=\"color: #0000ff;\"><b>Haciendas<\/b><\/span><\/p>\n<p style=\"text-align: justify;\"><b>Hacienda De Caltengo<\/b><\/p>\n<p style=\"text-align: justify;\">Direcci\u00f3n antigua carretera M\u00e9xico Quer\u00e9taro km. 75,<\/p>\n<p style=\"text-align: justify;\">Tel. 53932310, 53932039<\/p>\n<p style=\"text-align: justify;\">Servicios: renta para eventos, campamentos.<\/p>\n<p style=\"text-align: justify;\">http:\/\/www.haciendadecaltengo.com.mx\/<\/p>\n<p style=\"text-align: justify;\">correo: info@haciendadecaltengo.com.mx<\/p>\n<p style=\"text-align: justify;\"><b>Hacienda La Ca\u00f1ada<\/b><\/p>\n<p style=\"text-align: justify;\">Camino Real No.6, Ca\u00f1ada de Madero<\/p>\n<p style=\"text-align: justify;\">Tel. 7331212<\/p>\n<p style=\"text-align: justify;\">Jardines, plaza de toros, hacienda, eventos especiales<\/p>\n<p style=\"text-align: justify;\">www.haciendadelacanada.com.mx<\/p>\n<p style=\"text-align: center;\"><span style=\"color: #0000ff;\"><b>Campos de golf <\/b><\/span><\/p>\n<p style=\"text-align: justify;\"><b>Club de Golf Amanali Country Club &amp; Nautica<\/b><\/p>\n<p style=\"text-align: justify;\">Carr. Tula-Tepeji Km. 11.3<\/p>\n<p style=\"text-align: justify;\">Rivera norte Presa Requena<\/p>\n<p style=\"text-align: justify;\">Tel. 7731079527<\/p>\n<p style=\"text-align: justify;\">\n<blockquote class=\"wp-embedded-content\" data-secret=\"yE0iJAou0L\"><p><a href=\"https:\/\/amanali.com.mx\/\">Inicio<\/a><\/p><\/blockquote>\n<p><iframe class=\"wp-embedded-content\" sandbox=\"allow-scripts\" security=\"restricted\" style=\"position: absolute; clip: rect(1px, 1px, 1px, 1px);\" title=\"\u00abInicio\u00bb \u2014 Amanali\" src=\"https:\/\/amanali.com.mx\/embed\/#?secret=G9XO542yME#?secret=yE0iJAou0L\" data-secret=\"yE0iJAou0L\" width=\"600\" height=\"338\" frameborder=\"0\" marginwidth=\"0\" marginheight=\"0\" scrolling=\"no\"><\/iframe><\/p>\n<p style=\"text-align: justify;\">ventas@amanalli.com.mx<\/p>\n<p style=\"text-align: justify;\"><b>Caba\u00f1as y Zona de Acampar<\/b><\/p>\n<p style=\"text-align: justify;\">Presa Requena Zona Tur\u00edstica \u201cSan Miguel Vindho\u201d<\/p>\n<p style=\"text-align: justify;\">Carr. Tula-Tepeji Km. 10\u00a0 \u201cEl Columpio\u201d Col. Jardines de San Miguel<\/p>\n<p style=\"text-align: justify;\">Caba\u00f1as, Restaurante. Renta de lanchas, zona para acampar, vigilancia y servicio las 24 Horas<\/p>\n<p style=\"text-align: justify;\">Tels: 01(773)7850167. Cel.: 773 110 1937<\/p>\n<p>&nbsp;<\/p>\n","protected":false},"excerpt":{"rendered":"<p>Tepeji del R\u00edo de Ocampo, Hidalgo www.prensalibremexicana.com &nbsp; Colindando con el Estado de M\u00e9xico se ubica Tepeji del R\u00edo, un municipio reconocido a nivel nacional por albergar m\u00e1s de 150 industrias que fabrican productos de gran calidad y exportan a &hellip;<\/p>\n<p class=\"read-more\"> <a class=\"more-link\" href=\"https:\/\/prensalibremexicana.com\/wp\/tepeji-del-rio-de-ocampo-hidalgo\/\"> <span class=\"screen-reader-text\">Tepeji del R\u00edo de Ocampo, Hidalgo. www.prensalibremexicana.com<\/span> Leer m\u00e1s \u00bb<\/a><\/p>\n","protected":false},"author":5,"featured_media":0,"comment_status":"closed","ping_status":"closed","sticky":false,"template":"","format":"standard","meta":{"footnotes":""},"categories":[6],"tags":[69],"class_list":["post-454","post","type-post","status-publish","format-standard","hentry","category-el-zarco","tag-el-zarco"],"aioseo_notices":[],"featured_image_src":"","featured_image_src_square":false,"author_info":{"display_name":"Eduardo Garibay Mares","author_link":"https:\/\/prensalibremexicana.com\/wp\/author\/eduardo\/"},"rbea_author_info":{"display_name":"Eduardo Garibay Mares","author_link":"https:\/\/prensalibremexicana.com\/wp\/author\/eduardo\/"},"rbea_excerpt_info":"Tepeji del R\u00edo de Ocampo, Hidalgo www.prensalibremexicana.com &nbsp; Colindando con el Estado de M\u00e9xico se ubica Tepeji del R\u00edo, un municipio reconocido a nivel nacional por albergar m\u00e1s de 150 industrias que fabrican productos de gran calidad y exportan a &hellip;<p class=\"read-more\"> <a class=\"more-link\" href=\"https:\/\/prensalibremexicana.com\/wp\/tepeji-del-rio-de-ocampo-hidalgo\/\"> <span class=\"screen-reader-text\">Tepeji del R\u00edo de Ocampo, Hidalgo. www.prensalibremexicana.com<\/span> Leer m\u00e1s \u00bb<\/a><\/p>","category_list":"<a href=\"https:\/\/prensalibremexicana.com\/wp\/LO%20MAS%20NUEVO\/el-zarco\/\">El Zarco<\/a>","comments_num":"0 comments","_links":{"self":[{"href":"https:\/\/prensalibremexicana.com\/wp\/wp-json\/wp\/v2\/posts\/454","targetHints":{"allow":["GET"]}}],"collection":[{"href":"https:\/\/prensalibremexicana.com\/wp\/wp-json\/wp\/v2\/posts"}],"about":[{"href":"https:\/\/prensalibremexicana.com\/wp\/wp-json\/wp\/v2\/types\/post"}],"author":[{"embeddable":true,"href":"https:\/\/prensalibremexicana.com\/wp\/wp-json\/wp\/v2\/users\/5"}],"replies":[{"embeddable":true,"href":"https:\/\/prensalibremexicana.com\/wp\/wp-json\/wp\/v2\/comments?post=454"}],"version-history":[{"count":13,"href":"https:\/\/prensalibremexicana.com\/wp\/wp-json\/wp\/v2\/posts\/454\/revisions"}],"predecessor-version":[{"id":8109,"href":"https:\/\/prensalibremexicana.com\/wp\/wp-json\/wp\/v2\/posts\/454\/revisions\/8109"}],"wp:attachment":[{"href":"https:\/\/prensalibremexicana.com\/wp\/wp-json\/wp\/v2\/media?parent=454"}],"wp:term":[{"taxonomy":"category","embeddable":true,"href":"https:\/\/prensalibremexicana.com\/wp\/wp-json\/wp\/v2\/categories?post=454"},{"taxonomy":"post_tag","embeddable":true,"href":"https:\/\/prensalibremexicana.com\/wp\/wp-json\/wp\/v2\/tags?post=454"}],"curies":[{"name":"wp","href":"https:\/\/api.w.org\/{rel}","templated":true}]}}