{"id":3664,"date":"2016-09-12T01:18:35","date_gmt":"2016-09-12T07:18:35","guid":{"rendered":"http:\/\/prensalibremexicana.com\/wp\/?p=3664"},"modified":"2024-09-12T11:59:45","modified_gmt":"2024-09-12T17:59:45","slug":"3664","status":"publish","type":"post","link":"https:\/\/prensalibremexicana.com\/wp\/3664\/","title":{"rendered":"Transportes Mar Baja traslada a periodistas nacionales en Ensenada,  Rosarito y Tijuana. Eduardo Garibay Mares"},"content":{"rendered":"<h2 style=\"text-align: center;\"><span style=\"color: #008000;\"><strong><em>Transportes Mar Baja <\/em>traslada a periodistas nacionales en Ensenada, Rosarito y\u00a0Tijuana<\/strong><\/span><\/h2>\n<p style=\"text-align: center;\">\u00a0<span style=\"color: #008000;\"><strong>&#8211;<\/strong><\/span><\/p>\n<p style=\"text-align: justify;\"><strong><span style=\"color: #0000ff;\"><a href=\"http:\/\/prensalibremexicana.com\/wp\/wp-content\/uploads\/2016\/09\/Transportes-Mar-Baja-traslada-a-periodistas-nacionales-en-Ensenada-Rosarito-y-Tijuana.-Eduardo-Garibay-Mares2.pdf\"><span style=\"color: #0000ff;\">Transportes Mar Baja traslada a periodistas nacionales en Ensenada, Rosarito y Tijuana. Eduardo Garibay Mares<\/span><\/a><\/span>: <span style=\"color: #ff0000;\">ENLACE PDF<\/span><\/strong><\/p>\n<p style=\"text-align: center;\"><span style=\"color: #008000;\"><strong>&#8211;<\/strong><\/span><\/p>\n<p style=\"text-align: right;\">Eduardo Garibay Mares<\/p>\n<p style=\"text-align: right;\"><strong><a href=\"http:\/\/www.prensalibremexicana.com\">www.prensalibremexicana.com<\/a> <\/strong><\/p>\n<p style=\"text-align: right;\">Septiembre 9 de 2016<\/p>\n<p>\u00a0 <a href=\"http:\/\/prensalibremexicana.com\/wp\/wp-content\/uploads\/2015\/06\/Eduardo-Garibay-Mares.-Nicolaita-Emerito-UMSNH.jpg\"><img decoding=\"async\" class=\"alignleft wp-image-2182\" src=\"http:\/\/prensalibremexicana.com\/wp\/wp-content\/uploads\/2015\/06\/Eduardo-Garibay-Mares.-Nicolaita-Emerito-UMSNH.jpg\" alt=\"Eduardo Garibay Mares, precursor nacional de la vinculaci\u00f3n de universitarios con la comunidad, al fundar en la Universidad Michoacana el COSSFOM en 1972 y el CEEHAS en 1997, organismos de labor social altruista que aplican la teor\u00eda a la pr\u00e1ctica, desde los primeros grados de estudio, con asesor\u00eda docente, en beneficio rec\u00edproco de la formaci\u00f3n profesional del estudiantado y de la sociedad.\" width=\"110\" height=\"150\" srcset=\"https:\/\/prensalibremexicana.com\/wp\/wp-content\/uploads\/2015\/06\/Eduardo-Garibay-Mares.-Nicolaita-Emerito-UMSNH.jpg 611w, https:\/\/prensalibremexicana.com\/wp\/wp-content\/uploads\/2015\/06\/Eduardo-Garibay-Mares.-Nicolaita-Emerito-UMSNH-600x816.jpg 600w, https:\/\/prensalibremexicana.com\/wp\/wp-content\/uploads\/2015\/06\/Eduardo-Garibay-Mares.-Nicolaita-Emerito-UMSNH-220x300.jpg 220w, https:\/\/prensalibremexicana.com\/wp\/wp-content\/uploads\/2015\/06\/Eduardo-Garibay-Mares.-Nicolaita-Emerito-UMSNH-100x136.jpg 100w, https:\/\/prensalibremexicana.com\/wp\/wp-content\/uploads\/2015\/06\/Eduardo-Garibay-Mares.-Nicolaita-Emerito-UMSNH-150x204.jpg 150w, https:\/\/prensalibremexicana.com\/wp\/wp-content\/uploads\/2015\/06\/Eduardo-Garibay-Mares.-Nicolaita-Emerito-UMSNH-200x272.jpg 200w, https:\/\/prensalibremexicana.com\/wp\/wp-content\/uploads\/2015\/06\/Eduardo-Garibay-Mares.-Nicolaita-Emerito-UMSNH-300x408.jpg 300w, https:\/\/prensalibremexicana.com\/wp\/wp-content\/uploads\/2015\/06\/Eduardo-Garibay-Mares.-Nicolaita-Emerito-UMSNH-450x612.jpg 450w\" sizes=\"(max-width: 110px) 100vw, 110px\" \/><\/a><\/p>\n<p style=\"text-align: justify;\">De acuerdo al programa del XIV Congreso Nacional de la Federaci\u00f3n de Asociaciones de Periodistas Mexicanos, A. C., FAPERMEX, del jueves 8 al pr\u00f3ximo domingo 11 de este mes patrio,\u00a0 en la ciudad de Ensenada, Baja California, y a la II Asamblea Nacional del Colegio Nacional de Licenciados en Periodismo, A. C., CONALIPE, a efectuarse el s\u00e1bado 10, la empresa Transportes Mar Baja, S. A. de C. V., traslada a periodistas nacionales de Tijuana, pasando por Playas de Rosarito, a Ensenada, ciudad donde se encuentra el hotel sede Para\u00edso Las Palmas, as\u00ed como el traslado de esta sede a la Hacienda Guadalupe y a la Universidad Aut\u00f3noma de Baja California, y viceversa.<\/p>\n<p>Con la presente difusi\u00f3n solidaria y altruista se agradecen las atenciones de los excelentes anfitriones bajacalifornianos.<\/p>\n<h3 style=\"text-align: center;\"><strong>\u00a1Buen viaje y \u00f3ptimo servicio\u00a1<\/strong><\/h3>\n<p>&nbsp;<\/p>\n<h1 style=\"text-align: center;\"><strong>Transportes Mar Baja, S. A. de C. V.<\/strong><\/h1>\n<h2 style=\"text-align: center;\"><strong>Transporte de personal, turismo, excursiones, escolar<\/strong><\/h2>\n<p><strong>\u00a0<\/strong><\/p>\n<figure id=\"attachment_3726\" aria-describedby=\"caption-attachment-3726\" style=\"width: 300px\" class=\"wp-caption alignright\"><img fetchpriority=\"high\" decoding=\"async\" class=\"wp-image-3726 size-medium\" src=\"http:\/\/prensalibremexicana.com\/wp\/wp-content\/uploads\/2016\/09\/Transportes-Mar-Baja-S.-A.-de-C.-V.-300x168.jpg\" alt=\"Transportes Mar Baja, S. A. de C. V.\" width=\"300\" height=\"168\" srcset=\"https:\/\/prensalibremexicana.com\/wp\/wp-content\/uploads\/2016\/09\/Transportes-Mar-Baja-S.-A.-de-C.-V.-300x168.jpg 300w, https:\/\/prensalibremexicana.com\/wp\/wp-content\/uploads\/2016\/09\/Transportes-Mar-Baja-S.-A.-de-C.-V.-600x337.jpg 600w, https:\/\/prensalibremexicana.com\/wp\/wp-content\/uploads\/2016\/09\/Transportes-Mar-Baja-S.-A.-de-C.-V.-1024x576.jpg 1024w, https:\/\/prensalibremexicana.com\/wp\/wp-content\/uploads\/2016\/09\/Transportes-Mar-Baja-S.-A.-de-C.-V.-100x56.jpg 100w, https:\/\/prensalibremexicana.com\/wp\/wp-content\/uploads\/2016\/09\/Transportes-Mar-Baja-S.-A.-de-C.-V.-150x84.jpg 150w, https:\/\/prensalibremexicana.com\/wp\/wp-content\/uploads\/2016\/09\/Transportes-Mar-Baja-S.-A.-de-C.-V.-200x112.jpg 200w, https:\/\/prensalibremexicana.com\/wp\/wp-content\/uploads\/2016\/09\/Transportes-Mar-Baja-S.-A.-de-C.-V.-450x253.jpg 450w, https:\/\/prensalibremexicana.com\/wp\/wp-content\/uploads\/2016\/09\/Transportes-Mar-Baja-S.-A.-de-C.-V.-900x506.jpg 900w\" sizes=\"(max-width: 300px) 100vw, 300px\" \/><figcaption id=\"caption-attachment-3726\" class=\"wp-caption-text\"><span style=\"color: #008000;\"><strong>Transportes Mar Baja, S. A. de C. V.<\/strong><\/span><\/figcaption><\/figure>\n<p><strong>Lic. Octavio Camacho S\u00e1nchez<\/strong> <strong>Calle Ensenada No. 27<\/strong> <strong>Fraccionamiento Acapulco<\/strong> <strong>Ensenada, Baja California<\/strong> <strong>\u00a0<\/strong> <strong>Tel\u00e9fono oficina: 120 8845<\/strong> <strong>Celular: (646) 149 2014<\/strong> <strong><a href=\"mailto:transportesmarbaja@mail.com\">transportesmarbaja@mail.com<\/a><\/strong><\/p>\n","protected":false},"excerpt":{"rendered":"<p>Transportes Mar Baja traslada a periodistas nacionales en Ensenada, Rosarito y\u00a0Tijuana \u00a0&#8211; Transportes Mar Baja traslada a periodistas nacionales en Ensenada, Rosarito y Tijuana. Eduardo Garibay Mares: ENLACE PDF &#8211; Eduardo Garibay Mares www.prensalibremexicana.com Septiembre 9 de 2016 \u00a0 De &hellip;<\/p>\n<p class=\"read-more\"> <a class=\"more-link\" href=\"https:\/\/prensalibremexicana.com\/wp\/3664\/\"> <span class=\"screen-reader-text\">Transportes Mar Baja traslada a periodistas nacionales en Ensenada,  Rosarito y Tijuana. Eduardo Garibay Mares<\/span> Leer m\u00e1s \u00bb<\/a><\/p>\n","protected":false},"author":5,"featured_media":0,"comment_status":"closed","ping_status":"closed","sticky":false,"template":"","format":"standard","meta":{"footnotes":""},"categories":[2],"tags":[],"class_list":["post-3664","post","type-post","status-publish","format-standard","hentry","category-prensa-libre"],"aioseo_notices":[],"featured_image_src":"","featured_image_src_square":false,"author_info":{"display_name":"Eduardo Garibay Mares","author_link":"https:\/\/prensalibremexicana.com\/wp\/author\/eduardo\/"},"rbea_author_info":{"display_name":"Eduardo Garibay Mares","author_link":"https:\/\/prensalibremexicana.com\/wp\/author\/eduardo\/"},"rbea_excerpt_info":"Transportes Mar Baja traslada a periodistas nacionales en Ensenada, Rosarito y\u00a0Tijuana \u00a0&#8211; Transportes Mar Baja traslada a periodistas nacionales en Ensenada, Rosarito y Tijuana. Eduardo Garibay Mares: ENLACE PDF &#8211; Eduardo Garibay Mares www.prensalibremexicana.com Septiembre 9 de 2016 \u00a0 De &hellip;<p class=\"read-more\"> <a class=\"more-link\" href=\"https:\/\/prensalibremexicana.com\/wp\/3664\/\"> <span class=\"screen-reader-text\">Transportes Mar Baja traslada a periodistas nacionales en Ensenada,  Rosarito y Tijuana. Eduardo Garibay Mares<\/span> Leer m\u00e1s \u00bb<\/a><\/p>","category_list":"<a href=\"https:\/\/prensalibremexicana.com\/wp\/LO%20MAS%20NUEVO\/prensa-libre\/\">Prensa Libre<\/a>","comments_num":"0 comments","_links":{"self":[{"href":"https:\/\/prensalibremexicana.com\/wp\/wp-json\/wp\/v2\/posts\/3664","targetHints":{"allow":["GET"]}}],"collection":[{"href":"https:\/\/prensalibremexicana.com\/wp\/wp-json\/wp\/v2\/posts"}],"about":[{"href":"https:\/\/prensalibremexicana.com\/wp\/wp-json\/wp\/v2\/types\/post"}],"author":[{"embeddable":true,"href":"https:\/\/prensalibremexicana.com\/wp\/wp-json\/wp\/v2\/users\/5"}],"replies":[{"embeddable":true,"href":"https:\/\/prensalibremexicana.com\/wp\/wp-json\/wp\/v2\/comments?post=3664"}],"version-history":[{"count":9,"href":"https:\/\/prensalibremexicana.com\/wp\/wp-json\/wp\/v2\/posts\/3664\/revisions"}],"predecessor-version":[{"id":3833,"href":"https:\/\/prensalibremexicana.com\/wp\/wp-json\/wp\/v2\/posts\/3664\/revisions\/3833"}],"wp:attachment":[{"href":"https:\/\/prensalibremexicana.com\/wp\/wp-json\/wp\/v2\/media?parent=3664"}],"wp:term":[{"taxonomy":"category","embeddable":true,"href":"https:\/\/prensalibremexicana.com\/wp\/wp-json\/wp\/v2\/categories?post=3664"},{"taxonomy":"post_tag","embeddable":true,"href":"https:\/\/prensalibremexicana.com\/wp\/wp-json\/wp\/v2\/tags?post=3664"}],"curies":[{"name":"wp","href":"https:\/\/api.w.org\/{rel}","templated":true}]}}