{"id":2793,"date":"2015-11-12T09:14:03","date_gmt":"2015-11-12T15:14:03","guid":{"rendered":"http:\/\/prensalibremexicana.com\/wp\/?p=2793"},"modified":"2024-08-28T13:09:15","modified_gmt":"2024-08-28T19:09:15","slug":"el-derecho-de-replica-garantia-o-amenaza-alfil-roberto-pinon-olivas","status":"publish","type":"post","link":"https:\/\/prensalibremexicana.com\/wp\/el-derecho-de-replica-garantia-o-amenaza-alfil-roberto-pinon-olivas\/","title":{"rendered":"El derecho de r\u00e9plica \u00bfgarant\u00eda o amenaza? &#8211; Por: Roberto Pi\u00f1\u00f3n Olivas"},"content":{"rendered":"<h2 style=\"text-align: center;\"><span style=\"color: #808000;\"><strong>El derecho de r\u00e9plica \u00bfgarant\u00eda o amenaza?<\/strong><\/span><\/h2>\n<p>&nbsp;<\/p>\n<p style=\"text-align: right;\">Roberto Pi\u00f1\u00f3n Olivas<\/p>\n<p style=\"text-align: right;\"><strong><a href=\"http:\/\/www.prensalibremexicana.com\">www.prensalibremexicana.com<\/a><\/strong><\/p>\n<p style=\"text-align: right;\">Noviembre 11 de 2015<\/p>\n<p>&nbsp;<\/p>\n<p style=\"text-align: justify;\"><strong>\u201cLa Doctora Macarita Elizondo Gasper\u00edn es una reconocida abogada, escritora y acad\u00e9mica, ha ocupado puestos destacados en el apartado jurisdiccional electoral. Sin duda ser\u00eda una extraordinaria propuesta para ocupar las vacantes de la Corte, que deber\u00e1n ser cubiertas antes de que termine el a\u00f1o por el Senado\u201d.<\/strong><\/p>\n<p style=\"text-align: justify;\">El derecho de r\u00e9plica constituye una instituci\u00f3n valiosa que protege la vida privada, el honor y la reputaci\u00f3n de las personas, frente a los abusos de los medios de comunicaci\u00f3n, en la divulgaci\u00f3n de informaci\u00f3n falsa o inexacta.<\/p>\n<p style=\"text-align: justify;\">Sin embargo, la figura no puede ser desnaturalizada para proteger de la misma manera a una persona que realiza funciones de naturaleza p\u00fablica o de relevancia p\u00fablica, como es el caso de los personajes que ejercen como empleados del sector p\u00fablico o que buscan, mediante el voto, puestos de elecci\u00f3n popular.<\/p>\n<p style=\"text-align: justify;\">Estos personajes, por su caracter\u00edstica de intervenir en cuestiones de naturaleza p\u00fablica, relevantes para el funcionamiento y desarrollo de la comunidad, que ejercen recursos p\u00fablicos, que toman decisiones que afectan a la colectividad, deben permanente y constantemente estar sometidos a la cr\u00edtica social, ejercida a trav\u00e9s de las libertades de expresi\u00f3n, espec\u00edficamente por medio del periodismo en sus facetas de radio, televisi\u00f3n, prensa escrita o medios digitales v\u00eda Internet.<\/p>\n<p style=\"text-align: justify;\">As\u00ed lo ha establecido la Corte al considerar que cuando se trata de personajes de relevancia p\u00fablica, debe considerarse importante para efectos de control de poder, una mayor cr\u00edtica period\u00edstica, porque no se trata de personas comunes que se ven invadidas en su privacidad, sino de personas que ejercen una funci\u00f3n importante en la comunidad y que por tal motivo deben estar sometidas a este nivel de escrutinio.<\/p>\n<p style=\"text-align: justify;\">Pues a\u00fan con los criterios relevantes del m\u00e1ximo tribunal a que se ha hecho menci\u00f3n, despu\u00e9s de casi ocho a\u00f1os de estar en la congeladora, finalmente fue aprobada, primero hace unos meses, y finalmente publicada el pasado mi\u00e9rcoles cuatro de noviembre, la ley reglamentaria del art\u00edculo sexto constitucional, la llamada <em>Ley del derecho de r\u00e9plica<\/em>.<\/p>\n<p style=\"text-align: justify;\">Esta ley lo mismo protege al ciudadano com\u00fan que a un pol\u00edtico o candidato, funcionario p\u00fablico o cualquier persona, sin hacer distingo alguno: no importa que entre uno y otro haya una diferencia abismal: uno administra miles de millones de pesos en presupuesto p\u00fablico, y el otro apenas ejerce setenta pesos diarios de salario m\u00ednimo: Art\u00edculo 2.- &#8230;Derecho de r\u00e9plica: El derecho de toda persona a que sean publicadas o difundidas las aclaraciones que resulten pertinentes, respecto de datos o informaciones transmitidas o publicadas por los sujetos obligados, relacionados con hechos que le aluden, que sean inexactos o falsos, cuya divulgaci\u00f3n le causa agravio ya sea pol\u00edtico, econ\u00f3mico, en su honor, vida privada y\/o imagen.<\/p>\n<p style=\"text-align: justify;\">A\u00fan m\u00e1s claro: Art\u00edculo 3.- P\u00e1rrafo Quinto.- Los partidos pol\u00edticos, los precandidatos y los candidatos a puestos de elecci\u00f3n popular, debidamente registrados ante las instancias electorales correspondientes, podr\u00e1n ejercer el derecho de r\u00e9plica respecto de la informaci\u00f3n inexacta o falsa que difundan los medios de comunicaci\u00f3n.<\/p>\n<p style=\"text-align: justify;\">Es cierto: las personas que carecen de relevancia p\u00fablica, por lo regular pasan desapercibidas para los medios de comunicaci\u00f3n. Adquieren notoriedad por alg\u00fan hecho lamentable de tr\u00e1nsito o alg\u00fan accidente. La publicaci\u00f3n en relaci\u00f3n con ellos por lo regular se limita al suceso noticioso del momento, y de acuerdo a su relevancia, hay alg\u00fan seguimiento menor. Pero hasta ah\u00ed.<\/p>\n<p style=\"text-align: justify;\">Los medios de comunicaci\u00f3n particularmente se ocupan de las personas relevantes en una comunidad. Se ocupan de las personas que desempe\u00f1an los cargos p\u00fablicos, o que son prominentes empresarios o l\u00edderes sociales o sindicales. Tal vez deportistas destacados. En \u00e9poca electoral, cubren los incidentes de campa\u00f1a. Generan debate y cuestionan. Hacen cr\u00edtica al respecto.<\/p>\n<p style=\"text-align: justify;\">Es natural que los medios de comunicaci\u00f3n se ocupen de estos personajes, porque su esencia es el control del poder o m\u00e1s bien dicho, la generaci\u00f3n de contrapesos de cualquier aspecto de poder en beneficio del ciudadano.<\/p>\n<p style=\"text-align: justify;\">Por ello resulta infortunado que la ley de derecho de r\u00e9plica proteja de la misma manera que al ciudadano com\u00fan a aquel personaje que es todo menos com\u00fan, por la relevancia de su ejercicio p\u00fablico, y la responsabilidad que tiene frente a los ciudadanos.<\/p>\n<p style=\"text-align: justify;\">De esta manera, el derecho de r\u00e9plica se desnaturaliza: la nueva ley construir\u00e1 un nuevo andamiaje de litigio, que puede atemorizar a los medios para divulgar informaci\u00f3n que podr\u00eda ocasionarle gasto administrativo, gasto jurisdiccional e incluso el pago de multas o da\u00f1os y perjuicios.<\/p>\n<p style=\"text-align: justify;\">A unos d\u00edas de que entre en vigor (4 de diciembre), la <em>Ley de derecho de r\u00e9plica<\/em> amenaza con convertirse en una espada de D\u00e1mocles sobre los medios de comunicaci\u00f3n, en momentos en que se requiere fortalecer la libre expresi\u00f3n de las ideas y el ejercicio period\u00edstico cr\u00edtico.<\/p>\n<p>&nbsp;<\/p>\n","protected":false},"excerpt":{"rendered":"<p>El derecho de r\u00e9plica \u00bfgarant\u00eda o amenaza? &nbsp; Roberto Pi\u00f1\u00f3n Olivas www.prensalibremexicana.com Noviembre 11 de 2015 &nbsp; \u201cLa Doctora Macarita Elizondo Gasper\u00edn es una reconocida abogada, escritora y acad\u00e9mica, ha ocupado puestos destacados en el apartado jurisdiccional electoral. Sin duda &hellip;<\/p>\n<p class=\"read-more\"> <a class=\"more-link\" href=\"https:\/\/prensalibremexicana.com\/wp\/el-derecho-de-replica-garantia-o-amenaza-alfil-roberto-pinon-olivas\/\"> <span class=\"screen-reader-text\">El derecho de r\u00e9plica \u00bfgarant\u00eda o amenaza? &#8211; Por: Roberto Pi\u00f1\u00f3n Olivas<\/span> Leer m\u00e1s \u00bb<\/a><\/p>\n","protected":false},"author":5,"featured_media":0,"comment_status":"closed","ping_status":"closed","sticky":false,"template":"","format":"standard","meta":{"footnotes":""},"categories":[28],"tags":[70],"class_list":["post-2793","post","type-post","status-publish","format-standard","hentry","category-detodo","tag-de-todo-un-poco"],"aioseo_notices":[],"featured_image_src":"","featured_image_src_square":false,"author_info":{"display_name":"Eduardo Garibay Mares","author_link":"https:\/\/prensalibremexicana.com\/wp\/author\/eduardo\/"},"rbea_author_info":{"display_name":"Eduardo Garibay Mares","author_link":"https:\/\/prensalibremexicana.com\/wp\/author\/eduardo\/"},"rbea_excerpt_info":"El derecho de r\u00e9plica \u00bfgarant\u00eda o amenaza? &nbsp; Roberto Pi\u00f1\u00f3n Olivas www.prensalibremexicana.com Noviembre 11 de 2015 &nbsp; \u201cLa Doctora Macarita Elizondo Gasper\u00edn es una reconocida abogada, escritora y acad\u00e9mica, ha ocupado puestos destacados en el apartado jurisdiccional electoral. Sin duda &hellip;<p class=\"read-more\"> <a class=\"more-link\" href=\"https:\/\/prensalibremexicana.com\/wp\/el-derecho-de-replica-garantia-o-amenaza-alfil-roberto-pinon-olivas\/\"> <span class=\"screen-reader-text\">El derecho de r\u00e9plica \u00bfgarant\u00eda o amenaza? &#8211; Por: Roberto Pi\u00f1\u00f3n Olivas<\/span> Leer m\u00e1s \u00bb<\/a><\/p>","category_list":"<a href=\"https:\/\/prensalibremexicana.com\/wp\/LO%20MAS%20NUEVO\/detodo\/\">De todo un poco<\/a>","comments_num":"0 comments","_links":{"self":[{"href":"https:\/\/prensalibremexicana.com\/wp\/wp-json\/wp\/v2\/posts\/2793","targetHints":{"allow":["GET"]}}],"collection":[{"href":"https:\/\/prensalibremexicana.com\/wp\/wp-json\/wp\/v2\/posts"}],"about":[{"href":"https:\/\/prensalibremexicana.com\/wp\/wp-json\/wp\/v2\/types\/post"}],"author":[{"embeddable":true,"href":"https:\/\/prensalibremexicana.com\/wp\/wp-json\/wp\/v2\/users\/5"}],"replies":[{"embeddable":true,"href":"https:\/\/prensalibremexicana.com\/wp\/wp-json\/wp\/v2\/comments?post=2793"}],"version-history":[{"count":3,"href":"https:\/\/prensalibremexicana.com\/wp\/wp-json\/wp\/v2\/posts\/2793\/revisions"}],"predecessor-version":[{"id":7779,"href":"https:\/\/prensalibremexicana.com\/wp\/wp-json\/wp\/v2\/posts\/2793\/revisions\/7779"}],"wp:attachment":[{"href":"https:\/\/prensalibremexicana.com\/wp\/wp-json\/wp\/v2\/media?parent=2793"}],"wp:term":[{"taxonomy":"category","embeddable":true,"href":"https:\/\/prensalibremexicana.com\/wp\/wp-json\/wp\/v2\/categories?post=2793"},{"taxonomy":"post_tag","embeddable":true,"href":"https:\/\/prensalibremexicana.com\/wp\/wp-json\/wp\/v2\/tags?post=2793"}],"curies":[{"name":"wp","href":"https:\/\/api.w.org\/{rel}","templated":true}]}}